{"id":4192,"date":"2019-12-11T19:56:15","date_gmt":"2019-12-11T19:56:15","guid":{"rendered":"http:\/\/www.ajeandalucia.org\/sevilla\/?p=4192"},"modified":"2019-12-11T19:56:15","modified_gmt":"2019-12-11T19:56:15","slug":"practicas-de-alumnos-fp-los-viveros-en-tu-empresa","status":"publish","type":"post","link":"https:\/\/ajeandalucia.org\/sevilla\/2019\/12\/11\/practicas-de-alumnos-fp-los-viveros-en-tu-empresa\/","title":{"rendered":"PR\u00c1CTICAS DE ALUMNOS FP LOS VIVEROS EN TU EMPRESA"},"content":{"rendered":"<p>El Centro P\u00fablico Integrado de Formaci\u00f3n Profesional Los Viveros de Sevilla ha comenzado en el presente curso, el ciclo de Administraci\u00f3n y Finanzas, en la modalidad de <strong>Formaci\u00f3n Profesional Dual<\/strong>. Esta ense\u00f1anza consiste en la <strong>en la formaci\u00f3n conjunta del alumnado en las empresas y en el centro educativo<\/strong>.<\/p>\n<p>En el primer trimestre del curso, reciben una formaci\u00f3n b\u00e1sica en el centro. En nuestro ciclo formativo, los alumnos\/as adquirir\u00e1n conocimientos para poder realizar las siguientes actividades antes de incorporarse a la empresa: organizaci\u00f3n de correo electr\u00f3nico, elaboraci\u00f3n de comunicaciones escritas, contabilizaci\u00f3n de operaciones de b\u00e1sicas y utilizaci\u00f3n del procesador de texto Word.<\/p>\n<p><strong>En Enero del primer curso<\/strong> comienza el periodo de formaci\u00f3n en alternancia, en el centro educativo y en la empresa. En este periodo, <strong>asistir\u00e1n Jueves y Viernes a las empresas<\/strong>, durante 7 horas cada d\u00eda. Las \u00e1reas profesionales en las que se formar\u00e1n los alumnos\/as ser\u00e1n: Atenci\u00f3n al cliente, Excel y Access, Facturaci\u00f3n, Contabilidad b\u00e1sica y Liquidaci\u00f3n del IVA. <strong>Este periodo del primer curso finaliza a mitad de junio.<\/strong><\/p>\n<p><strong>En el segundo curso<\/strong>, los alumnos\/as se incorporan a la empresa a mitad <strong>de septiembre hasta mitad de marzo<\/strong>. Durante este periodo, <strong>contin\u00faan<\/strong> <strong>asistiendo Jueves y Viernes<\/strong>, durante 7 horas y podr\u00e1n realizar, adem\u00e1s de las actividades realizadas durante el primer curso, las correspondientes a: N\u00f3minas y Seguros Sociales, Cierre de ejercicio de la Contabilidad y registro del Impuesto sobre Sociedades y Log\u00edstica.<\/p>\n<p><strong>Durante el \u00faltimo trimestre del segundo curso, los alumnos\/as realizan la Formaci\u00f3n en Centros de Trabajo de los ciclos tradicionales con una duraci\u00f3n de 360 horas<\/strong>. Asistiendo, de Lunes a Viernes.<\/p>\n<p>Las principales <em>diferencias<\/em> entre la Formaci\u00f3n Profesional Dual y la Formaci\u00f3n Profesional tradicional son las siguientes:<\/p>\n<p>&#8211;\u00a0\u00a0\u00a0\u00a0\u00a0\u00a0\u00a0\u00a0\u00a0 En la Formaci\u00f3n Profesional Dual, el alumno\/a <strong>realiza un m\u00ednimo de 530 horas en las empresas antes de comenzar las pr\u00e1cticas<\/strong> habituales de 360 horas. Cuando el alumno\/a comience las pr\u00e1cticas tiene un amplio conocimiento de la organizaci\u00f3n de la empresa y tendr\u00e1 un elevado rendimiento en la realizaci\u00f3n de las tareas.<\/p>\n<p>&#8211;\u00a0\u00a0\u00a0\u00a0\u00a0\u00a0\u00a0\u00a0\u00a0 En la Formaci\u00f3n Profesional Dual, todos los alumnos\/as del grupo no se encuentran en la formaci\u00f3n en alternancia. Durante el primer trimestre, <strong>se seleccionan a los alumnos\/as que cumplen todos los criterios para poder realizar este tipo de formaci\u00f3n<\/strong>. Los que llegan a las empresas son los alumnos\/as que se encuentran motivados y que han tenido un buen rendimiento durante el primer trimestre en el centro.<\/p>\n<p>&#8211;\u00a0\u00a0\u00a0\u00a0\u00a0\u00a0\u00a0\u00a0\u00a0 En la Formaci\u00f3n Profesional Dual, <strong>se pide a las empresas que colaboren en la formaci\u00f3n del alumno\/a<\/strong>, existiendo una coordinaci\u00f3n a trav\u00e9s de las reuniones programadas entre tutor laboral y tutor docente. Estas tareas se organizar\u00e1n previamente, para que no suponga una p\u00e9rdida de tiempo para el empresario.<\/p>\n<p>Durante todo el tiempo que el alumno\/a se encuentra en la empresa, <strong>no recibe ninguna beca<\/strong>. Sugerimos a las empresas una beca por desplazamiento, de car\u00e1cter voluntario, \u00a0por una peque\u00f1a cantidad. El empresario es el que toma la decisi\u00f3n de becarlos si lo estima conveniente.<\/p>\n<p>Este tipo de ense\u00f1anza, lleva funcionando varios a\u00f1os en algunos pa\u00edses con gran \u00e9xito. En nuestro pa\u00eds se est\u00e1 promocionando actualmente y estamos ilusionados con este proyecto porque consideramos necesario el acercamiento de los centros educativos al tejido empresarial, para que los alumnos\/as reciban una mejor formaci\u00f3n.<\/p>\n<p>Si deseas m\u00e1s informaci\u00f3n, estar\u00e1n encantados de ofrecerla personalmente a trav\u00e9s de email: <a href=\"mailto:isidro.ramos@ieslosviveros.es\">isidro.ramos@ieslosviveros.es<\/a><\/p>\n<p>Documentaci\u00f3n:<\/p>\n<p><a href=\"http:\/\/www.ajeandalucia.org\/sevilla\/wp-content\/uploads\/sites\/11\/2019\/12\/ACTIVIDADESFPDUAL-2.pdf\">ACTIVIDADESFPDUAL (2)<\/a><\/p>\n<p><a href=\"http:\/\/www.ajeandalucia.org\/sevilla\/wp-content\/uploads\/sites\/11\/2019\/12\/Informaci\u00f3n-presentacion-dual.pdf\">Informaci\u00f3n presentacion dual<\/a><\/p>\n","protected":false},"excerpt":{"rendered":"<p>El Centro P\u00fablico Integrado de Formaci\u00f3n Profesional Los Viveros de Sevilla ha comenzado en el presente curso, el ciclo de [&hellip;]<\/p>\n","protected":false},"author":10,"featured_media":4195,"comment_status":"open","ping_status":"open","sticky":false,"template":"","format":"standard","meta":{"_acf_changed":false,"site-sidebar-layout":"default","site-content-layout":"","ast-site-content-layout":"default","site-content-style":"default","site-sidebar-style":"default","ast-global-header-display":"","ast-banner-title-visibility":"","ast-main-header-display":"","ast-hfb-above-header-display":"","ast-hfb-below-header-display":"","ast-hfb-mobile-header-display":"","site-post-title":"","ast-breadcrumbs-content":"","ast-featured-img":"","footer-sml-layout":"","ast-disable-related-posts":"","theme-transparent-header-meta":"","adv-header-id-meta":"","stick-header-meta":"","header-above-stick-meta":"","header-main-stick-meta":"","header-below-stick-meta":"","astra-migrate-meta-layouts":"default","ast-page-background-enabled":"default","ast-page-background-meta":{"desktop":{"background-color":"var(--ast-global-color-5)","background-image":"","background-repeat":"repeat","background-position":"center center","background-size":"auto","background-attachment":"scroll","background-type":"","background-media":"","overlay-type":"","overlay-color":"","overlay-opacity":"","overlay-gradient":""},"tablet":{"background-color":"","background-image":"","background-repeat":"repeat","background-position":"center center","background-size":"auto","background-attachment":"scroll","background-type":"","background-media":"","overlay-type":"","overlay-color":"","overlay-opacity":"","overlay-gradient":""},"mobile":{"background-color":"","background-image":"","background-repeat":"repeat","background-position":"center center","background-size":"auto","background-attachment":"scroll","background-type":"","background-media":"","overlay-type":"","overlay-color":"","overlay-opacity":"","overlay-gradient":""}},"ast-content-background-meta":{"desktop":{"background-color":"var(--ast-global-color-4)","background-image":"","background-repeat":"repeat","background-position":"center center","background-size":"auto","background-attachment":"scroll","background-type":"","background-media":"","overlay-type":"","overlay-color":"","overlay-opacity":"","overlay-gradient":""},"tablet":{"background-color":"var(--ast-global-color-4)","background-image":"","background-repeat":"repeat","background-position":"center center","background-size":"auto","background-attachment":"scroll","background-type":"","background-media":"","overlay-type":"","overlay-color":"","overlay-opacity":"","overlay-gradient":""},"mobile":{"background-color":"var(--ast-global-color-4)","background-image":"","background-repeat":"repeat","background-position":"center center","background-size":"auto","background-attachment":"scroll","background-type":"","background-media":"","overlay-type":"","overlay-color":"","overlay-opacity":"","overlay-gradient":""}},"footnotes":""},"categories":[1],"tags":[],"class_list":["post-4192","post","type-post","status-publish","format-standard","has-post-thumbnail","hentry","category-sin-categoria"],"acf":[],"yoast_head":"<!-- This site is optimized with the Yoast SEO plugin v26.9 - https:\/\/yoast.com\/product\/yoast-seo-wordpress\/ -->\n<title>PR\u00c1CTICAS DE ALUMNOS FP LOS VIVEROS EN TU EMPRESA - AJE Sevilla<\/title>\n<meta name=\"robots\" content=\"index, follow, max-snippet:-1, max-image-preview:large, max-video-preview:-1\" \/>\n<link rel=\"canonical\" href=\"http:\/\/ajeandalucia.org\/sevilla\/2019\/12\/11\/practicas-de-alumnos-fp-los-viveros-en-tu-empresa\/\" \/>\n<meta property=\"og:locale\" content=\"es_ES\" \/>\n<meta property=\"og:type\" content=\"article\" \/>\n<meta property=\"og:title\" content=\"PR\u00c1CTICAS DE ALUMNOS FP LOS VIVEROS EN TU EMPRESA - AJE Sevilla\" \/>\n<meta property=\"og:description\" content=\"El Centro P\u00fablico Integrado de Formaci\u00f3n Profesional Los Viveros de Sevilla ha comenzado en el presente curso, el ciclo de [&hellip;]\" \/>\n<meta property=\"og:url\" content=\"http:\/\/ajeandalucia.org\/sevilla\/2019\/12\/11\/practicas-de-alumnos-fp-los-viveros-en-tu-empresa\/\" \/>\n<meta property=\"og:site_name\" content=\"AJE Sevilla\" \/>\n<meta property=\"article:published_time\" content=\"2019-12-11T19:56:15+00:00\" \/>\n<meta property=\"og:image\" content=\"http:\/\/ajeandalucia.org\/sevilla\/wp-content\/uploads\/sites\/11\/2019\/12\/FP-DUAL.jpg\" \/>\n\t<meta property=\"og:image:width\" content=\"126\" \/>\n\t<meta property=\"og:image:height\" content=\"53\" \/>\n\t<meta property=\"og:image:type\" content=\"image\/jpeg\" \/>\n<meta name=\"author\" content=\"sevilla\" \/>\n<meta name=\"twitter:card\" content=\"summary_large_image\" \/>\n<meta name=\"twitter:label1\" content=\"Escrito por\" \/>\n\t<meta name=\"twitter:data1\" content=\"sevilla\" \/>\n\t<meta name=\"twitter:label2\" content=\"Tiempo de lectura\" \/>\n\t<meta name=\"twitter:data2\" content=\"3 minutos\" \/>\n<script type=\"application\/ld+json\" class=\"yoast-schema-graph\">{\"@context\":\"https:\/\/schema.org\",\"@graph\":[{\"@type\":\"Article\",\"@id\":\"http:\/\/ajeandalucia.org\/sevilla\/2019\/12\/11\/practicas-de-alumnos-fp-los-viveros-en-tu-empresa\/#article\",\"isPartOf\":{\"@id\":\"http:\/\/ajeandalucia.org\/sevilla\/2019\/12\/11\/practicas-de-alumnos-fp-los-viveros-en-tu-empresa\/\"},\"author\":{\"name\":\"sevilla\",\"@id\":\"https:\/\/ajeandalucia.org\/sevilla\/#\/schema\/person\/0d17a62ec6ae5659110c772926e45151\"},\"headline\":\"PR\u00c1CTICAS DE ALUMNOS FP LOS VIVEROS EN TU EMPRESA\",\"datePublished\":\"2019-12-11T19:56:15+00:00\",\"mainEntityOfPage\":{\"@id\":\"http:\/\/ajeandalucia.org\/sevilla\/2019\/12\/11\/practicas-de-alumnos-fp-los-viveros-en-tu-empresa\/\"},\"wordCount\":643,\"commentCount\":0,\"publisher\":{\"@id\":\"https:\/\/ajeandalucia.org\/sevilla\/#organization\"},\"image\":{\"@id\":\"http:\/\/ajeandalucia.org\/sevilla\/2019\/12\/11\/practicas-de-alumnos-fp-los-viveros-en-tu-empresa\/#primaryimage\"},\"thumbnailUrl\":\"https:\/\/ajeandalucia.org\/sevilla\/wp-content\/uploads\/sites\/11\/2019\/12\/FP-DUAL.jpg\",\"inLanguage\":\"es\",\"potentialAction\":[{\"@type\":\"CommentAction\",\"name\":\"Comment\",\"target\":[\"http:\/\/ajeandalucia.org\/sevilla\/2019\/12\/11\/practicas-de-alumnos-fp-los-viveros-en-tu-empresa\/#respond\"]}]},{\"@type\":\"WebPage\",\"@id\":\"http:\/\/ajeandalucia.org\/sevilla\/2019\/12\/11\/practicas-de-alumnos-fp-los-viveros-en-tu-empresa\/\",\"url\":\"http:\/\/ajeandalucia.org\/sevilla\/2019\/12\/11\/practicas-de-alumnos-fp-los-viveros-en-tu-empresa\/\",\"name\":\"PR\u00c1CTICAS DE ALUMNOS FP LOS VIVEROS EN TU EMPRESA - AJE Sevilla\",\"isPartOf\":{\"@id\":\"https:\/\/ajeandalucia.org\/sevilla\/#website\"},\"primaryImageOfPage\":{\"@id\":\"http:\/\/ajeandalucia.org\/sevilla\/2019\/12\/11\/practicas-de-alumnos-fp-los-viveros-en-tu-empresa\/#primaryimage\"},\"image\":{\"@id\":\"http:\/\/ajeandalucia.org\/sevilla\/2019\/12\/11\/practicas-de-alumnos-fp-los-viveros-en-tu-empresa\/#primaryimage\"},\"thumbnailUrl\":\"https:\/\/ajeandalucia.org\/sevilla\/wp-content\/uploads\/sites\/11\/2019\/12\/FP-DUAL.jpg\",\"datePublished\":\"2019-12-11T19:56:15+00:00\",\"breadcrumb\":{\"@id\":\"http:\/\/ajeandalucia.org\/sevilla\/2019\/12\/11\/practicas-de-alumnos-fp-los-viveros-en-tu-empresa\/#breadcrumb\"},\"inLanguage\":\"es\",\"potentialAction\":[{\"@type\":\"ReadAction\",\"target\":[\"http:\/\/ajeandalucia.org\/sevilla\/2019\/12\/11\/practicas-de-alumnos-fp-los-viveros-en-tu-empresa\/\"]}]},{\"@type\":\"ImageObject\",\"inLanguage\":\"es\",\"@id\":\"http:\/\/ajeandalucia.org\/sevilla\/2019\/12\/11\/practicas-de-alumnos-fp-los-viveros-en-tu-empresa\/#primaryimage\",\"url\":\"https:\/\/ajeandalucia.org\/sevilla\/wp-content\/uploads\/sites\/11\/2019\/12\/FP-DUAL.jpg\",\"contentUrl\":\"https:\/\/ajeandalucia.org\/sevilla\/wp-content\/uploads\/sites\/11\/2019\/12\/FP-DUAL.jpg\",\"width\":126,\"height\":53},{\"@type\":\"BreadcrumbList\",\"@id\":\"http:\/\/ajeandalucia.org\/sevilla\/2019\/12\/11\/practicas-de-alumnos-fp-los-viveros-en-tu-empresa\/#breadcrumb\",\"itemListElement\":[{\"@type\":\"ListItem\",\"position\":1,\"name\":\"Portada\",\"item\":\"https:\/\/ajeandalucia.org\/sevilla\/\"},{\"@type\":\"ListItem\",\"position\":2,\"name\":\"PR\u00c1CTICAS DE ALUMNOS FP LOS VIVEROS EN TU EMPRESA\"}]},{\"@type\":\"WebSite\",\"@id\":\"https:\/\/ajeandalucia.org\/sevilla\/#website\",\"url\":\"https:\/\/ajeandalucia.org\/sevilla\/\",\"name\":\"AJE Sevilla\",\"description\":\"Asociaci\u00f3n de J\u00f3venes Empresarios de Sevilla\",\"publisher\":{\"@id\":\"https:\/\/ajeandalucia.org\/sevilla\/#organization\"},\"potentialAction\":[{\"@type\":\"SearchAction\",\"target\":{\"@type\":\"EntryPoint\",\"urlTemplate\":\"https:\/\/ajeandalucia.org\/sevilla\/?s={search_term_string}\"},\"query-input\":{\"@type\":\"PropertyValueSpecification\",\"valueRequired\":true,\"valueName\":\"search_term_string\"}}],\"inLanguage\":\"es\"},{\"@type\":\"Organization\",\"@id\":\"https:\/\/ajeandalucia.org\/sevilla\/#organization\",\"name\":\"AJE Sevilla\",\"url\":\"https:\/\/ajeandalucia.org\/sevilla\/\",\"logo\":{\"@type\":\"ImageObject\",\"inLanguage\":\"es\",\"@id\":\"https:\/\/ajeandalucia.org\/sevilla\/#\/schema\/logo\/image\/\",\"url\":\"https:\/\/ajeandalucia.org\/sevilla\/wp-content\/uploads\/sites\/11\/2025\/02\/AJE-SEVILLA-horizontal.png\",\"contentUrl\":\"https:\/\/ajeandalucia.org\/sevilla\/wp-content\/uploads\/sites\/11\/2025\/02\/AJE-SEVILLA-horizontal.png\",\"width\":612,\"height\":200,\"caption\":\"AJE Sevilla\"},\"image\":{\"@id\":\"https:\/\/ajeandalucia.org\/sevilla\/#\/schema\/logo\/image\/\"}},{\"@type\":\"Person\",\"@id\":\"https:\/\/ajeandalucia.org\/sevilla\/#\/schema\/person\/0d17a62ec6ae5659110c772926e45151\",\"name\":\"sevilla\",\"image\":{\"@type\":\"ImageObject\",\"inLanguage\":\"es\",\"@id\":\"https:\/\/ajeandalucia.org\/sevilla\/#\/schema\/person\/image\/\",\"url\":\"https:\/\/secure.gravatar.com\/avatar\/cade70fd47d0edc1a5b43a03b1093a39e149ff5361a81f13e9c7b090c17c4b94?s=96&d=mm&r=g\",\"contentUrl\":\"https:\/\/secure.gravatar.com\/avatar\/cade70fd47d0edc1a5b43a03b1093a39e149ff5361a81f13e9c7b090c17c4b94?s=96&d=mm&r=g\",\"caption\":\"sevilla\"},\"url\":\"https:\/\/ajeandalucia.org\/sevilla\/author\/sevilla\/\"}]}<\/script>\n<!-- \/ Yoast SEO plugin. -->","yoast_head_json":{"title":"PR\u00c1CTICAS DE ALUMNOS FP LOS VIVEROS EN TU EMPRESA - AJE Sevilla","robots":{"index":"index","follow":"follow","max-snippet":"max-snippet:-1","max-image-preview":"max-image-preview:large","max-video-preview":"max-video-preview:-1"},"canonical":"http:\/\/ajeandalucia.org\/sevilla\/2019\/12\/11\/practicas-de-alumnos-fp-los-viveros-en-tu-empresa\/","og_locale":"es_ES","og_type":"article","og_title":"PR\u00c1CTICAS DE ALUMNOS FP LOS VIVEROS EN TU EMPRESA - AJE Sevilla","og_description":"El Centro P\u00fablico Integrado de Formaci\u00f3n Profesional Los Viveros de Sevilla ha comenzado en el presente curso, el ciclo de [&hellip;]","og_url":"http:\/\/ajeandalucia.org\/sevilla\/2019\/12\/11\/practicas-de-alumnos-fp-los-viveros-en-tu-empresa\/","og_site_name":"AJE Sevilla","article_published_time":"2019-12-11T19:56:15+00:00","og_image":[{"width":126,"height":53,"url":"http:\/\/ajeandalucia.org\/sevilla\/wp-content\/uploads\/sites\/11\/2019\/12\/FP-DUAL.jpg","type":"image\/jpeg"}],"author":"sevilla","twitter_card":"summary_large_image","twitter_misc":{"Escrito por":"sevilla","Tiempo de lectura":"3 minutos"},"schema":{"@context":"https:\/\/schema.org","@graph":[{"@type":"Article","@id":"http:\/\/ajeandalucia.org\/sevilla\/2019\/12\/11\/practicas-de-alumnos-fp-los-viveros-en-tu-empresa\/#article","isPartOf":{"@id":"http:\/\/ajeandalucia.org\/sevilla\/2019\/12\/11\/practicas-de-alumnos-fp-los-viveros-en-tu-empresa\/"},"author":{"name":"sevilla","@id":"https:\/\/ajeandalucia.org\/sevilla\/#\/schema\/person\/0d17a62ec6ae5659110c772926e45151"},"headline":"PR\u00c1CTICAS DE ALUMNOS FP LOS VIVEROS EN TU EMPRESA","datePublished":"2019-12-11T19:56:15+00:00","mainEntityOfPage":{"@id":"http:\/\/ajeandalucia.org\/sevilla\/2019\/12\/11\/practicas-de-alumnos-fp-los-viveros-en-tu-empresa\/"},"wordCount":643,"commentCount":0,"publisher":{"@id":"https:\/\/ajeandalucia.org\/sevilla\/#organization"},"image":{"@id":"http:\/\/ajeandalucia.org\/sevilla\/2019\/12\/11\/practicas-de-alumnos-fp-los-viveros-en-tu-empresa\/#primaryimage"},"thumbnailUrl":"https:\/\/ajeandalucia.org\/sevilla\/wp-content\/uploads\/sites\/11\/2019\/12\/FP-DUAL.jpg","inLanguage":"es","potentialAction":[{"@type":"CommentAction","name":"Comment","target":["http:\/\/ajeandalucia.org\/sevilla\/2019\/12\/11\/practicas-de-alumnos-fp-los-viveros-en-tu-empresa\/#respond"]}]},{"@type":"WebPage","@id":"http:\/\/ajeandalucia.org\/sevilla\/2019\/12\/11\/practicas-de-alumnos-fp-los-viveros-en-tu-empresa\/","url":"http:\/\/ajeandalucia.org\/sevilla\/2019\/12\/11\/practicas-de-alumnos-fp-los-viveros-en-tu-empresa\/","name":"PR\u00c1CTICAS DE ALUMNOS FP LOS VIVEROS EN TU EMPRESA - AJE Sevilla","isPartOf":{"@id":"https:\/\/ajeandalucia.org\/sevilla\/#website"},"primaryImageOfPage":{"@id":"http:\/\/ajeandalucia.org\/sevilla\/2019\/12\/11\/practicas-de-alumnos-fp-los-viveros-en-tu-empresa\/#primaryimage"},"image":{"@id":"http:\/\/ajeandalucia.org\/sevilla\/2019\/12\/11\/practicas-de-alumnos-fp-los-viveros-en-tu-empresa\/#primaryimage"},"thumbnailUrl":"https:\/\/ajeandalucia.org\/sevilla\/wp-content\/uploads\/sites\/11\/2019\/12\/FP-DUAL.jpg","datePublished":"2019-12-11T19:56:15+00:00","breadcrumb":{"@id":"http:\/\/ajeandalucia.org\/sevilla\/2019\/12\/11\/practicas-de-alumnos-fp-los-viveros-en-tu-empresa\/#breadcrumb"},"inLanguage":"es","potentialAction":[{"@type":"ReadAction","target":["http:\/\/ajeandalucia.org\/sevilla\/2019\/12\/11\/practicas-de-alumnos-fp-los-viveros-en-tu-empresa\/"]}]},{"@type":"ImageObject","inLanguage":"es","@id":"http:\/\/ajeandalucia.org\/sevilla\/2019\/12\/11\/practicas-de-alumnos-fp-los-viveros-en-tu-empresa\/#primaryimage","url":"https:\/\/ajeandalucia.org\/sevilla\/wp-content\/uploads\/sites\/11\/2019\/12\/FP-DUAL.jpg","contentUrl":"https:\/\/ajeandalucia.org\/sevilla\/wp-content\/uploads\/sites\/11\/2019\/12\/FP-DUAL.jpg","width":126,"height":53},{"@type":"BreadcrumbList","@id":"http:\/\/ajeandalucia.org\/sevilla\/2019\/12\/11\/practicas-de-alumnos-fp-los-viveros-en-tu-empresa\/#breadcrumb","itemListElement":[{"@type":"ListItem","position":1,"name":"Portada","item":"https:\/\/ajeandalucia.org\/sevilla\/"},{"@type":"ListItem","position":2,"name":"PR\u00c1CTICAS DE ALUMNOS FP LOS VIVEROS EN TU EMPRESA"}]},{"@type":"WebSite","@id":"https:\/\/ajeandalucia.org\/sevilla\/#website","url":"https:\/\/ajeandalucia.org\/sevilla\/","name":"AJE Sevilla","description":"Asociaci\u00f3n de J\u00f3venes Empresarios de Sevilla","publisher":{"@id":"https:\/\/ajeandalucia.org\/sevilla\/#organization"},"potentialAction":[{"@type":"SearchAction","target":{"@type":"EntryPoint","urlTemplate":"https:\/\/ajeandalucia.org\/sevilla\/?s={search_term_string}"},"query-input":{"@type":"PropertyValueSpecification","valueRequired":true,"valueName":"search_term_string"}}],"inLanguage":"es"},{"@type":"Organization","@id":"https:\/\/ajeandalucia.org\/sevilla\/#organization","name":"AJE Sevilla","url":"https:\/\/ajeandalucia.org\/sevilla\/","logo":{"@type":"ImageObject","inLanguage":"es","@id":"https:\/\/ajeandalucia.org\/sevilla\/#\/schema\/logo\/image\/","url":"https:\/\/ajeandalucia.org\/sevilla\/wp-content\/uploads\/sites\/11\/2025\/02\/AJE-SEVILLA-horizontal.png","contentUrl":"https:\/\/ajeandalucia.org\/sevilla\/wp-content\/uploads\/sites\/11\/2025\/02\/AJE-SEVILLA-horizontal.png","width":612,"height":200,"caption":"AJE Sevilla"},"image":{"@id":"https:\/\/ajeandalucia.org\/sevilla\/#\/schema\/logo\/image\/"}},{"@type":"Person","@id":"https:\/\/ajeandalucia.org\/sevilla\/#\/schema\/person\/0d17a62ec6ae5659110c772926e45151","name":"sevilla","image":{"@type":"ImageObject","inLanguage":"es","@id":"https:\/\/ajeandalucia.org\/sevilla\/#\/schema\/person\/image\/","url":"https:\/\/secure.gravatar.com\/avatar\/cade70fd47d0edc1a5b43a03b1093a39e149ff5361a81f13e9c7b090c17c4b94?s=96&d=mm&r=g","contentUrl":"https:\/\/secure.gravatar.com\/avatar\/cade70fd47d0edc1a5b43a03b1093a39e149ff5361a81f13e9c7b090c17c4b94?s=96&d=mm&r=g","caption":"sevilla"},"url":"https:\/\/ajeandalucia.org\/sevilla\/author\/sevilla\/"}]}},"_links":{"self":[{"href":"https:\/\/ajeandalucia.org\/sevilla\/wp-json\/wp\/v2\/posts\/4192","targetHints":{"allow":["GET"]}}],"collection":[{"href":"https:\/\/ajeandalucia.org\/sevilla\/wp-json\/wp\/v2\/posts"}],"about":[{"href":"https:\/\/ajeandalucia.org\/sevilla\/wp-json\/wp\/v2\/types\/post"}],"author":[{"embeddable":true,"href":"https:\/\/ajeandalucia.org\/sevilla\/wp-json\/wp\/v2\/users\/10"}],"replies":[{"embeddable":true,"href":"https:\/\/ajeandalucia.org\/sevilla\/wp-json\/wp\/v2\/comments?post=4192"}],"version-history":[{"count":1,"href":"https:\/\/ajeandalucia.org\/sevilla\/wp-json\/wp\/v2\/posts\/4192\/revisions"}],"predecessor-version":[{"id":4196,"href":"https:\/\/ajeandalucia.org\/sevilla\/wp-json\/wp\/v2\/posts\/4192\/revisions\/4196"}],"wp:featuredmedia":[{"embeddable":true,"href":"https:\/\/ajeandalucia.org\/sevilla\/wp-json\/wp\/v2\/media\/4195"}],"wp:attachment":[{"href":"https:\/\/ajeandalucia.org\/sevilla\/wp-json\/wp\/v2\/media?parent=4192"}],"wp:term":[{"taxonomy":"category","embeddable":true,"href":"https:\/\/ajeandalucia.org\/sevilla\/wp-json\/wp\/v2\/categories?post=4192"},{"taxonomy":"post_tag","embeddable":true,"href":"https:\/\/ajeandalucia.org\/sevilla\/wp-json\/wp\/v2\/tags?post=4192"}],"curies":[{"name":"wp","href":"https:\/\/api.w.org\/{rel}","templated":true}]}}