{"id":447,"date":"2016-07-08T08:49:34","date_gmt":"2016-07-08T08:49:34","guid":{"rendered":"http:\/\/www.ajeandalucia.org\/sevilla\/?p=447"},"modified":"2016-07-08T08:51:43","modified_gmt":"2016-07-08T08:51:43","slug":"encuentro-de-negocios-en-lebrija-sevilla","status":"publish","type":"post","link":"https:\/\/ajeandalucia.org\/sevilla\/2016\/07\/08\/encuentro-de-negocios-en-lebrija-sevilla\/","title":{"rendered":"Encuentro de Negocios en Lebrija (Sevilla)"},"content":{"rendered":"<p><img loading=\"lazy\" decoding=\"async\" class=\"size-medium wp-image-448 aligncenter\" src=\"http:\/\/www.ajeandalucia.org\/sevilla\/wp-content\/uploads\/sites\/11\/2016\/07\/IMG_6452-300x200.jpg\" alt=\"IMG_6452\" width=\"300\" height=\"200\" srcset=\"https:\/\/ajeandalucia.org\/sevilla\/wp-content\/uploads\/sites\/11\/2016\/07\/IMG_6452-300x200.jpg 300w, https:\/\/ajeandalucia.org\/sevilla\/wp-content\/uploads\/sites\/11\/2016\/07\/IMG_6452-768x512.jpg 768w, https:\/\/ajeandalucia.org\/sevilla\/wp-content\/uploads\/sites\/11\/2016\/07\/IMG_6452-1024x682.jpg 1024w, https:\/\/ajeandalucia.org\/sevilla\/wp-content\/uploads\/sites\/11\/2016\/07\/IMG_6452.jpg 1600w\" sizes=\"auto, (max-width: 300px) 100vw, 300px\" \/><\/p>\n<p>La portavoz del Equipo de Gobierno de la Diputaci\u00f3n de Sevilla, Trinidad Argota, dio la bienvenida junto con la alcaldesa de Lebrija, Mar\u00eda Jos\u00e9 Fern\u00e1ndez, a los participantes el\u00a0 Encuentro de Negocios (Networking) que durante la ma\u00f1ana de hoy ha tenido lugar en este municipio. La sesi\u00f3n ha estado organizada, por la Diputaci\u00f3n, a trav\u00e9s de Prodetur, junto con la Asociaci\u00f3n de J\u00f3venes de Empresarios de Sevilla (AJE- Sevilla) y la colaboraci\u00f3n del Ayuntamiento de\u00a0Lebrija.<\/p>\n<p>La inauguraci\u00f3n de la jornada cont\u00f3, asimismo, con la participaci\u00f3n del vicepresidente de AJE Sevilla, Fausto Rodr\u00edguez.<\/p>\n<p>Esta nueva sesi\u00f3n de Networking mantiene su objetivo de impulsar la construcci\u00f3n de relaciones entre los empresarios y emprendedores y posibilita que encuentren un marco favorable para hacer negocios conjuntos.<br \/>\nLa jornada, tras el acto de inauguraci\u00f3n, continu\u00f3 con una ponencia titulada \u201cCreatividad para aumentar la competitividad empresarial\u201d a cargo de Teresa Utrera Postigo y Lourdes Fonseca Sierra, socias fundadoras de Aconmedia y asociadas de Aje Sevilla.<br \/>\nPosteriormente hubo un periodo de sesiones de trabajo y de relaciones de negocio en las que se intercambiaron propuestas. Y por \u00faltimo, un apartado denominado \u201cAfianzamiento de contactos empresariales\u201d para consolidar las estructuras empresariales existentes.<\/p>\n<p>&nbsp;<\/p>\n","protected":false},"excerpt":{"rendered":"<p>La portavoz del Equipo de Gobierno de la Diputaci\u00f3n de Sevilla, Trinidad Argota, dio la bienvenida junto con la alcaldesa [&hellip;]<\/p>\n","protected":false},"author":10,"featured_media":448,"comment_status":"open","ping_status":"open","sticky":false,"template":"","format":"standard","meta":{"_acf_changed":false,"site-sidebar-layout":"default","site-content-layout":"","ast-site-content-layout":"default","site-content-style":"default","site-sidebar-style":"default","ast-global-header-display":"","ast-banner-title-visibility":"","ast-main-header-display":"","ast-hfb-above-header-display":"","ast-hfb-below-header-display":"","ast-hfb-mobile-header-display":"","site-post-title":"","ast-breadcrumbs-content":"","ast-featured-img":"","footer-sml-layout":"","ast-disable-related-posts":"","theme-transparent-header-meta":"","adv-header-id-meta":"","stick-header-meta":"","header-above-stick-meta":"","header-main-stick-meta":"","header-below-stick-meta":"","astra-migrate-meta-layouts":"default","ast-page-background-enabled":"default","ast-page-background-meta":{"desktop":{"background-color":"var(--ast-global-color-5)","background-image":"","background-repeat":"repeat","background-position":"center center","background-size":"auto","background-attachment":"scroll","background-type":"","background-media":"","overlay-type":"","overlay-color":"","overlay-opacity":"","overlay-gradient":""},"tablet":{"background-color":"","background-image":"","background-repeat":"repeat","background-position":"center center","background-size":"auto","background-attachment":"scroll","background-type":"","background-media":"","overlay-type":"","overlay-color":"","overlay-opacity":"","overlay-gradient":""},"mobile":{"background-color":"","background-image":"","background-repeat":"repeat","background-position":"center center","background-size":"auto","background-attachment":"scroll","background-type":"","background-media":"","overlay-type":"","overlay-color":"","overlay-opacity":"","overlay-gradient":""}},"ast-content-background-meta":{"desktop":{"background-color":"var(--ast-global-color-4)","background-image":"","background-repeat":"repeat","background-position":"center center","background-size":"auto","background-attachment":"scroll","background-type":"","background-media":"","overlay-type":"","overlay-color":"","overlay-opacity":"","overlay-gradient":""},"tablet":{"background-color":"var(--ast-global-color-4)","background-image":"","background-repeat":"repeat","background-position":"center center","background-size":"auto","background-attachment":"scroll","background-type":"","background-media":"","overlay-type":"","overlay-color":"","overlay-opacity":"","overlay-gradient":""},"mobile":{"background-color":"var(--ast-global-color-4)","background-image":"","background-repeat":"repeat","background-position":"center center","background-size":"auto","background-attachment":"scroll","background-type":"","background-media":"","overlay-type":"","overlay-color":"","overlay-opacity":"","overlay-gradient":""}},"footnotes":""},"categories":[8,1],"tags":[],"class_list":["post-447","post","type-post","status-publish","format-standard","has-post-thumbnail","hentry","category-noticias","category-sin-categoria"],"acf":[],"yoast_head":"<!-- This site is optimized with the Yoast SEO plugin v26.9 - https:\/\/yoast.com\/product\/yoast-seo-wordpress\/ -->\n<title>Encuentro de Negocios en Lebrija (Sevilla) - AJE Sevilla<\/title>\n<meta name=\"robots\" content=\"index, follow, max-snippet:-1, max-image-preview:large, max-video-preview:-1\" \/>\n<link rel=\"canonical\" href=\"https:\/\/ajeandalucia.org\/sevilla\/2016\/07\/08\/encuentro-de-negocios-en-lebrija-sevilla\/\" \/>\n<meta property=\"og:locale\" content=\"es_ES\" \/>\n<meta property=\"og:type\" content=\"article\" \/>\n<meta property=\"og:title\" content=\"Encuentro de Negocios en Lebrija (Sevilla) - AJE Sevilla\" \/>\n<meta property=\"og:description\" content=\"La portavoz del Equipo de Gobierno de la Diputaci\u00f3n de Sevilla, Trinidad Argota, dio la bienvenida junto con la alcaldesa [&hellip;]\" \/>\n<meta property=\"og:url\" content=\"https:\/\/ajeandalucia.org\/sevilla\/2016\/07\/08\/encuentro-de-negocios-en-lebrija-sevilla\/\" \/>\n<meta property=\"og:site_name\" content=\"AJE Sevilla\" \/>\n<meta property=\"article:published_time\" content=\"2016-07-08T08:49:34+00:00\" \/>\n<meta property=\"article:modified_time\" content=\"2016-07-08T08:51:43+00:00\" \/>\n<meta property=\"og:image\" content=\"https:\/\/ajeandalucia.org\/sevilla\/wp-content\/uploads\/sites\/11\/2016\/07\/IMG_6452.jpg\" \/>\n\t<meta property=\"og:image:width\" content=\"1600\" \/>\n\t<meta property=\"og:image:height\" content=\"1066\" \/>\n\t<meta property=\"og:image:type\" content=\"image\/jpeg\" \/>\n<meta name=\"author\" content=\"sevilla\" \/>\n<meta name=\"twitter:card\" content=\"summary_large_image\" \/>\n<meta name=\"twitter:label1\" content=\"Escrito por\" \/>\n\t<meta name=\"twitter:data1\" content=\"sevilla\" \/>\n\t<meta name=\"twitter:label2\" content=\"Tiempo de lectura\" \/>\n\t<meta name=\"twitter:data2\" content=\"1 minuto\" \/>\n<script type=\"application\/ld+json\" class=\"yoast-schema-graph\">{\"@context\":\"https:\/\/schema.org\",\"@graph\":[{\"@type\":\"Article\",\"@id\":\"https:\/\/ajeandalucia.org\/sevilla\/2016\/07\/08\/encuentro-de-negocios-en-lebrija-sevilla\/#article\",\"isPartOf\":{\"@id\":\"https:\/\/ajeandalucia.org\/sevilla\/2016\/07\/08\/encuentro-de-negocios-en-lebrija-sevilla\/\"},\"author\":{\"name\":\"sevilla\",\"@id\":\"https:\/\/ajeandalucia.org\/sevilla\/#\/schema\/person\/0d17a62ec6ae5659110c772926e45151\"},\"headline\":\"Encuentro de Negocios en Lebrija (Sevilla)\",\"datePublished\":\"2016-07-08T08:49:34+00:00\",\"dateModified\":\"2016-07-08T08:51:43+00:00\",\"mainEntityOfPage\":{\"@id\":\"https:\/\/ajeandalucia.org\/sevilla\/2016\/07\/08\/encuentro-de-negocios-en-lebrija-sevilla\/\"},\"wordCount\":218,\"commentCount\":0,\"publisher\":{\"@id\":\"https:\/\/ajeandalucia.org\/sevilla\/#organization\"},\"image\":{\"@id\":\"https:\/\/ajeandalucia.org\/sevilla\/2016\/07\/08\/encuentro-de-negocios-en-lebrija-sevilla\/#primaryimage\"},\"thumbnailUrl\":\"https:\/\/ajeandalucia.org\/sevilla\/wp-content\/uploads\/sites\/11\/2016\/07\/IMG_6452.jpg\",\"articleSection\":[\"Noticias\"],\"inLanguage\":\"es\",\"potentialAction\":[{\"@type\":\"CommentAction\",\"name\":\"Comment\",\"target\":[\"https:\/\/ajeandalucia.org\/sevilla\/2016\/07\/08\/encuentro-de-negocios-en-lebrija-sevilla\/#respond\"]}]},{\"@type\":\"WebPage\",\"@id\":\"https:\/\/ajeandalucia.org\/sevilla\/2016\/07\/08\/encuentro-de-negocios-en-lebrija-sevilla\/\",\"url\":\"https:\/\/ajeandalucia.org\/sevilla\/2016\/07\/08\/encuentro-de-negocios-en-lebrija-sevilla\/\",\"name\":\"Encuentro de Negocios en Lebrija (Sevilla) - AJE Sevilla\",\"isPartOf\":{\"@id\":\"https:\/\/ajeandalucia.org\/sevilla\/#website\"},\"primaryImageOfPage\":{\"@id\":\"https:\/\/ajeandalucia.org\/sevilla\/2016\/07\/08\/encuentro-de-negocios-en-lebrija-sevilla\/#primaryimage\"},\"image\":{\"@id\":\"https:\/\/ajeandalucia.org\/sevilla\/2016\/07\/08\/encuentro-de-negocios-en-lebrija-sevilla\/#primaryimage\"},\"thumbnailUrl\":\"https:\/\/ajeandalucia.org\/sevilla\/wp-content\/uploads\/sites\/11\/2016\/07\/IMG_6452.jpg\",\"datePublished\":\"2016-07-08T08:49:34+00:00\",\"dateModified\":\"2016-07-08T08:51:43+00:00\",\"breadcrumb\":{\"@id\":\"https:\/\/ajeandalucia.org\/sevilla\/2016\/07\/08\/encuentro-de-negocios-en-lebrija-sevilla\/#breadcrumb\"},\"inLanguage\":\"es\",\"potentialAction\":[{\"@type\":\"ReadAction\",\"target\":[\"https:\/\/ajeandalucia.org\/sevilla\/2016\/07\/08\/encuentro-de-negocios-en-lebrija-sevilla\/\"]}]},{\"@type\":\"ImageObject\",\"inLanguage\":\"es\",\"@id\":\"https:\/\/ajeandalucia.org\/sevilla\/2016\/07\/08\/encuentro-de-negocios-en-lebrija-sevilla\/#primaryimage\",\"url\":\"https:\/\/ajeandalucia.org\/sevilla\/wp-content\/uploads\/sites\/11\/2016\/07\/IMG_6452.jpg\",\"contentUrl\":\"https:\/\/ajeandalucia.org\/sevilla\/wp-content\/uploads\/sites\/11\/2016\/07\/IMG_6452.jpg\",\"width\":1600,\"height\":1066},{\"@type\":\"BreadcrumbList\",\"@id\":\"https:\/\/ajeandalucia.org\/sevilla\/2016\/07\/08\/encuentro-de-negocios-en-lebrija-sevilla\/#breadcrumb\",\"itemListElement\":[{\"@type\":\"ListItem\",\"position\":1,\"name\":\"Portada\",\"item\":\"https:\/\/ajeandalucia.org\/sevilla\/\"},{\"@type\":\"ListItem\",\"position\":2,\"name\":\"Encuentro de Negocios en Lebrija (Sevilla)\"}]},{\"@type\":\"WebSite\",\"@id\":\"https:\/\/ajeandalucia.org\/sevilla\/#website\",\"url\":\"https:\/\/ajeandalucia.org\/sevilla\/\",\"name\":\"AJE Sevilla\",\"description\":\"Asociaci\u00f3n de J\u00f3venes Empresarios de Sevilla\",\"publisher\":{\"@id\":\"https:\/\/ajeandalucia.org\/sevilla\/#organization\"},\"potentialAction\":[{\"@type\":\"SearchAction\",\"target\":{\"@type\":\"EntryPoint\",\"urlTemplate\":\"https:\/\/ajeandalucia.org\/sevilla\/?s={search_term_string}\"},\"query-input\":{\"@type\":\"PropertyValueSpecification\",\"valueRequired\":true,\"valueName\":\"search_term_string\"}}],\"inLanguage\":\"es\"},{\"@type\":\"Organization\",\"@id\":\"https:\/\/ajeandalucia.org\/sevilla\/#organization\",\"name\":\"AJE Sevilla\",\"url\":\"https:\/\/ajeandalucia.org\/sevilla\/\",\"logo\":{\"@type\":\"ImageObject\",\"inLanguage\":\"es\",\"@id\":\"https:\/\/ajeandalucia.org\/sevilla\/#\/schema\/logo\/image\/\",\"url\":\"https:\/\/ajeandalucia.org\/sevilla\/wp-content\/uploads\/sites\/11\/2025\/02\/AJE-SEVILLA-horizontal.png\",\"contentUrl\":\"https:\/\/ajeandalucia.org\/sevilla\/wp-content\/uploads\/sites\/11\/2025\/02\/AJE-SEVILLA-horizontal.png\",\"width\":612,\"height\":200,\"caption\":\"AJE Sevilla\"},\"image\":{\"@id\":\"https:\/\/ajeandalucia.org\/sevilla\/#\/schema\/logo\/image\/\"}},{\"@type\":\"Person\",\"@id\":\"https:\/\/ajeandalucia.org\/sevilla\/#\/schema\/person\/0d17a62ec6ae5659110c772926e45151\",\"name\":\"sevilla\",\"image\":{\"@type\":\"ImageObject\",\"inLanguage\":\"es\",\"@id\":\"https:\/\/ajeandalucia.org\/sevilla\/#\/schema\/person\/image\/\",\"url\":\"https:\/\/secure.gravatar.com\/avatar\/cade70fd47d0edc1a5b43a03b1093a39e149ff5361a81f13e9c7b090c17c4b94?s=96&d=mm&r=g\",\"contentUrl\":\"https:\/\/secure.gravatar.com\/avatar\/cade70fd47d0edc1a5b43a03b1093a39e149ff5361a81f13e9c7b090c17c4b94?s=96&d=mm&r=g\",\"caption\":\"sevilla\"},\"url\":\"https:\/\/ajeandalucia.org\/sevilla\/author\/sevilla\/\"}]}<\/script>\n<!-- \/ Yoast SEO plugin. -->","yoast_head_json":{"title":"Encuentro de Negocios en Lebrija (Sevilla) - AJE Sevilla","robots":{"index":"index","follow":"follow","max-snippet":"max-snippet:-1","max-image-preview":"max-image-preview:large","max-video-preview":"max-video-preview:-1"},"canonical":"https:\/\/ajeandalucia.org\/sevilla\/2016\/07\/08\/encuentro-de-negocios-en-lebrija-sevilla\/","og_locale":"es_ES","og_type":"article","og_title":"Encuentro de Negocios en Lebrija (Sevilla) - AJE Sevilla","og_description":"La portavoz del Equipo de Gobierno de la Diputaci\u00f3n de Sevilla, Trinidad Argota, dio la bienvenida junto con la alcaldesa [&hellip;]","og_url":"https:\/\/ajeandalucia.org\/sevilla\/2016\/07\/08\/encuentro-de-negocios-en-lebrija-sevilla\/","og_site_name":"AJE Sevilla","article_published_time":"2016-07-08T08:49:34+00:00","article_modified_time":"2016-07-08T08:51:43+00:00","og_image":[{"width":1600,"height":1066,"url":"https:\/\/ajeandalucia.org\/sevilla\/wp-content\/uploads\/sites\/11\/2016\/07\/IMG_6452.jpg","type":"image\/jpeg"}],"author":"sevilla","twitter_card":"summary_large_image","twitter_misc":{"Escrito por":"sevilla","Tiempo de lectura":"1 minuto"},"schema":{"@context":"https:\/\/schema.org","@graph":[{"@type":"Article","@id":"https:\/\/ajeandalucia.org\/sevilla\/2016\/07\/08\/encuentro-de-negocios-en-lebrija-sevilla\/#article","isPartOf":{"@id":"https:\/\/ajeandalucia.org\/sevilla\/2016\/07\/08\/encuentro-de-negocios-en-lebrija-sevilla\/"},"author":{"name":"sevilla","@id":"https:\/\/ajeandalucia.org\/sevilla\/#\/schema\/person\/0d17a62ec6ae5659110c772926e45151"},"headline":"Encuentro de Negocios en Lebrija (Sevilla)","datePublished":"2016-07-08T08:49:34+00:00","dateModified":"2016-07-08T08:51:43+00:00","mainEntityOfPage":{"@id":"https:\/\/ajeandalucia.org\/sevilla\/2016\/07\/08\/encuentro-de-negocios-en-lebrija-sevilla\/"},"wordCount":218,"commentCount":0,"publisher":{"@id":"https:\/\/ajeandalucia.org\/sevilla\/#organization"},"image":{"@id":"https:\/\/ajeandalucia.org\/sevilla\/2016\/07\/08\/encuentro-de-negocios-en-lebrija-sevilla\/#primaryimage"},"thumbnailUrl":"https:\/\/ajeandalucia.org\/sevilla\/wp-content\/uploads\/sites\/11\/2016\/07\/IMG_6452.jpg","articleSection":["Noticias"],"inLanguage":"es","potentialAction":[{"@type":"CommentAction","name":"Comment","target":["https:\/\/ajeandalucia.org\/sevilla\/2016\/07\/08\/encuentro-de-negocios-en-lebrija-sevilla\/#respond"]}]},{"@type":"WebPage","@id":"https:\/\/ajeandalucia.org\/sevilla\/2016\/07\/08\/encuentro-de-negocios-en-lebrija-sevilla\/","url":"https:\/\/ajeandalucia.org\/sevilla\/2016\/07\/08\/encuentro-de-negocios-en-lebrija-sevilla\/","name":"Encuentro de Negocios en Lebrija (Sevilla) - AJE Sevilla","isPartOf":{"@id":"https:\/\/ajeandalucia.org\/sevilla\/#website"},"primaryImageOfPage":{"@id":"https:\/\/ajeandalucia.org\/sevilla\/2016\/07\/08\/encuentro-de-negocios-en-lebrija-sevilla\/#primaryimage"},"image":{"@id":"https:\/\/ajeandalucia.org\/sevilla\/2016\/07\/08\/encuentro-de-negocios-en-lebrija-sevilla\/#primaryimage"},"thumbnailUrl":"https:\/\/ajeandalucia.org\/sevilla\/wp-content\/uploads\/sites\/11\/2016\/07\/IMG_6452.jpg","datePublished":"2016-07-08T08:49:34+00:00","dateModified":"2016-07-08T08:51:43+00:00","breadcrumb":{"@id":"https:\/\/ajeandalucia.org\/sevilla\/2016\/07\/08\/encuentro-de-negocios-en-lebrija-sevilla\/#breadcrumb"},"inLanguage":"es","potentialAction":[{"@type":"ReadAction","target":["https:\/\/ajeandalucia.org\/sevilla\/2016\/07\/08\/encuentro-de-negocios-en-lebrija-sevilla\/"]}]},{"@type":"ImageObject","inLanguage":"es","@id":"https:\/\/ajeandalucia.org\/sevilla\/2016\/07\/08\/encuentro-de-negocios-en-lebrija-sevilla\/#primaryimage","url":"https:\/\/ajeandalucia.org\/sevilla\/wp-content\/uploads\/sites\/11\/2016\/07\/IMG_6452.jpg","contentUrl":"https:\/\/ajeandalucia.org\/sevilla\/wp-content\/uploads\/sites\/11\/2016\/07\/IMG_6452.jpg","width":1600,"height":1066},{"@type":"BreadcrumbList","@id":"https:\/\/ajeandalucia.org\/sevilla\/2016\/07\/08\/encuentro-de-negocios-en-lebrija-sevilla\/#breadcrumb","itemListElement":[{"@type":"ListItem","position":1,"name":"Portada","item":"https:\/\/ajeandalucia.org\/sevilla\/"},{"@type":"ListItem","position":2,"name":"Encuentro de Negocios en Lebrija (Sevilla)"}]},{"@type":"WebSite","@id":"https:\/\/ajeandalucia.org\/sevilla\/#website","url":"https:\/\/ajeandalucia.org\/sevilla\/","name":"AJE Sevilla","description":"Asociaci\u00f3n de J\u00f3venes Empresarios de Sevilla","publisher":{"@id":"https:\/\/ajeandalucia.org\/sevilla\/#organization"},"potentialAction":[{"@type":"SearchAction","target":{"@type":"EntryPoint","urlTemplate":"https:\/\/ajeandalucia.org\/sevilla\/?s={search_term_string}"},"query-input":{"@type":"PropertyValueSpecification","valueRequired":true,"valueName":"search_term_string"}}],"inLanguage":"es"},{"@type":"Organization","@id":"https:\/\/ajeandalucia.org\/sevilla\/#organization","name":"AJE Sevilla","url":"https:\/\/ajeandalucia.org\/sevilla\/","logo":{"@type":"ImageObject","inLanguage":"es","@id":"https:\/\/ajeandalucia.org\/sevilla\/#\/schema\/logo\/image\/","url":"https:\/\/ajeandalucia.org\/sevilla\/wp-content\/uploads\/sites\/11\/2025\/02\/AJE-SEVILLA-horizontal.png","contentUrl":"https:\/\/ajeandalucia.org\/sevilla\/wp-content\/uploads\/sites\/11\/2025\/02\/AJE-SEVILLA-horizontal.png","width":612,"height":200,"caption":"AJE Sevilla"},"image":{"@id":"https:\/\/ajeandalucia.org\/sevilla\/#\/schema\/logo\/image\/"}},{"@type":"Person","@id":"https:\/\/ajeandalucia.org\/sevilla\/#\/schema\/person\/0d17a62ec6ae5659110c772926e45151","name":"sevilla","image":{"@type":"ImageObject","inLanguage":"es","@id":"https:\/\/ajeandalucia.org\/sevilla\/#\/schema\/person\/image\/","url":"https:\/\/secure.gravatar.com\/avatar\/cade70fd47d0edc1a5b43a03b1093a39e149ff5361a81f13e9c7b090c17c4b94?s=96&d=mm&r=g","contentUrl":"https:\/\/secure.gravatar.com\/avatar\/cade70fd47d0edc1a5b43a03b1093a39e149ff5361a81f13e9c7b090c17c4b94?s=96&d=mm&r=g","caption":"sevilla"},"url":"https:\/\/ajeandalucia.org\/sevilla\/author\/sevilla\/"}]}},"_links":{"self":[{"href":"https:\/\/ajeandalucia.org\/sevilla\/wp-json\/wp\/v2\/posts\/447","targetHints":{"allow":["GET"]}}],"collection":[{"href":"https:\/\/ajeandalucia.org\/sevilla\/wp-json\/wp\/v2\/posts"}],"about":[{"href":"https:\/\/ajeandalucia.org\/sevilla\/wp-json\/wp\/v2\/types\/post"}],"author":[{"embeddable":true,"href":"https:\/\/ajeandalucia.org\/sevilla\/wp-json\/wp\/v2\/users\/10"}],"replies":[{"embeddable":true,"href":"https:\/\/ajeandalucia.org\/sevilla\/wp-json\/wp\/v2\/comments?post=447"}],"version-history":[{"count":1,"href":"https:\/\/ajeandalucia.org\/sevilla\/wp-json\/wp\/v2\/posts\/447\/revisions"}],"predecessor-version":[{"id":449,"href":"https:\/\/ajeandalucia.org\/sevilla\/wp-json\/wp\/v2\/posts\/447\/revisions\/449"}],"wp:featuredmedia":[{"embeddable":true,"href":"https:\/\/ajeandalucia.org\/sevilla\/wp-json\/wp\/v2\/media\/448"}],"wp:attachment":[{"href":"https:\/\/ajeandalucia.org\/sevilla\/wp-json\/wp\/v2\/media?parent=447"}],"wp:term":[{"taxonomy":"category","embeddable":true,"href":"https:\/\/ajeandalucia.org\/sevilla\/wp-json\/wp\/v2\/categories?post=447"},{"taxonomy":"post_tag","embeddable":true,"href":"https:\/\/ajeandalucia.org\/sevilla\/wp-json\/wp\/v2\/tags?post=447"}],"curies":[{"name":"wp","href":"https:\/\/api.w.org\/{rel}","templated":true}]}}