{"id":4856,"date":"2020-03-31T18:11:33","date_gmt":"2020-03-31T18:11:33","guid":{"rendered":"http:\/\/www.ajeandalucia.org\/sevilla\/?p=4856"},"modified":"2020-03-31T19:04:26","modified_gmt":"2020-03-31T19:04:26","slug":"la-empresa-sevillana-foos-crea-un-sistema-en-red-de-reparto-logistico-para-la-3o-edad-y-de-apoyo-al-comercio-local","status":"publish","type":"post","link":"https:\/\/ajeandalucia.org\/sevilla\/2020\/03\/31\/la-empresa-sevillana-foos-crea-un-sistema-en-red-de-reparto-logistico-para-la-3o-edad-y-de-apoyo-al-comercio-local\/","title":{"rendered":"LA EMPRESA SEVILLANA FOOS, CREA UN SISTEMA EN RED DE REPARTO LOG\u00cdSTICO PARA LA 3\u00ba EDAD, Y DE APOYO AL COMERCIO LOCAL"},"content":{"rendered":"<ul>\n<li><strong>La joven empresa sevillana de reparto de comida a domicilio ofrece gratuitamente su servicio de reparto de comida y medicinas a mayores aislados, centros de mayores y de d\u00eda, a trav\u00e9s de aquellos centros con los que colaboran.<\/strong><\/li>\n<li><strong>Este servicio reactivar\u00e1 bares y restaurante actualmente cerrados por el decreto de alarma.<\/strong><\/li>\n<\/ul>\n<p>Con esta iniciativa, FOOS, socia de AJE Sevilla, conecta el comercio local y de barrio con los clientes que no pueden desplazarse ofreciendo su reparto a domicilio para apoyar el comercio local y el tejido econ\u00f3mico de barrio desde Carnicer\u00edas, pescader\u00edas, fruter\u00edas, farmacias, panader\u00edas para que puedan hacer llegar estos productos de primera necesidad a sus convecinos y a aquellos m\u00e1s afectados por la crisis sanitaria. Actualmente y a menos de una semana de la puesta en marcha de la iniciativa ya cuentan con una veintena de comercios con los que colaboran.<\/p>\n<p>A su vez dan cobertura a aquellos negocios locales que no se encuentren actualmente con actividad pero que s\u00ed est\u00e1n licitados para la venta de comida tradicional a domicilio como freidur\u00edas, asadores, tortiller\u00edas, bares especializados en hacer croquetas, por ejemplo, etc. y que les ofrecen mantener una actividad mientras la curva de infectados desciende y se levantan las medidas decretadas.<\/p>\n<p>Cecilio Mart\u00ednez y Marta Alpresa, comenzaron la andadura con su empresa FOSS-APP.COM hace apenas 8 meses y han dedicado todas las horas de su d\u00eda d\u00eda, a crear una empresa que diera el servicio que ellos mismos demandaban cuando eran estudiantes universitarios y no ten\u00edan acceso a la comida casera de forma f\u00e1cil y econ\u00f3mica. Su empresa naci\u00f3 desde un inicio con un decidido\u00a0 compromiso social. Sus motos de reparto son 100% el\u00e9ctricas y garantizan un 0% de emisiones a la atm\u00f3sfera. Tambi\u00e9n sus envases son 100% compostables y hechos de fibras vegetales.<\/p>\n<p>Aunque la demanda de servicios diarios de desayunos y almuerzos para oficinas, eventos y formaciones de empresas se han visto aplazadas sin d\u00eda, s\u00ed han podido mantener gran parte de su actividad con los pedidos a domicilio y con el teletrabajo, pero continuando con su compromiso social estos j\u00f3venes empresarios han decidido poner su grano de arena para ayudar al sector m\u00e1s vulnerable de la sociedad y a los bares y restaurantes tradicionales que han cerrado sus puertas por el COVID-19.<\/p>\n<p>Tras ampliar su red de cocineros para dar servicio a la pr\u00e1ctica totalidad de la ciudad de Sevilla, lanzar su web y su app de pedidos y servicios de comida a empresas y particulares, el estado de alarma les ha pillado tan de sorpresa como a todas las empresas del sector.<\/p>\n<p>\u201cNuestra filosof\u00eda de empresa ha sido siempre dar un servicio a nuestros clientes de comida aut\u00e9ntica y sana, de f\u00e1cil acceso y r\u00e1pido, para cualquier punto de la ciudad, pero alejada de lo que nos tiene acostumbrados el fast-food, y con esta crisis hemos querido aportar nuestro grano de arena tanto a los mayores como al comercio tradicional y los hosteleros\u201d, afirma Cecilio Mart\u00ednez, CEO y Fundador de FOOS-APP.com.<\/p>\n<p>Foos ya ha establecido convenios con geri\u00e1tricos y centros de d\u00eda, a los que dan servicios de comida y han extendido su servicio a familiares y ancianos pertenecientes a las entidades con las que colaboran y que les hacen la labor de centralizaci\u00f3n de pedidos y filtro para garantizar el suministro de alimentos y medicamentos de forma totalmente gratuita para cada persona.<\/p>\n<p>\u201cMuchos bares y restaurantes tradicionales se han visto abocados a cerrar por un periodo indeterminado y nosotros simplemente queremos hacer lo que hemos hecho desde que creamos la empresa: conectar al comensal con la cocina sana y tradicional y hemos puesto nuestra red de reparto al servicio de quien lo est\u00e1 pasando peor. Adem\u00e1s tambi\u00e9n les ofrecemos llevarles medicamentos y productos de farmacia a quien no puede desplazarse a por ellos. Una vez establecida la red por nuestra empresa ahora toca ser solidarios con quienes peor lo est\u00e1n pasando y si con esto podemos hacerle la vida m\u00e1s f\u00e1cil en estos momentos estamos encantados\u201d, comenta Marta CFO de Foos.<\/p>\n<p>La labor colaborativa de FOOS no termina con esta iniciativa. FOOS est\u00e1 donando a d\u00eda de hoy el 20% de cada euro facturado por env\u00edo, para la confecci\u00f3n de mascarillas y la compra de guantes y material sanitario a trav\u00e9s de diversas asociaciones de Sevilla.<\/p>\n<p>&nbsp;<\/p>\n<p>&nbsp;<\/p>\n<p>M\u00e1s informaci\u00f3n:<\/p>\n<p>Cecilio Mart\u00ednez Castellano<\/p>\n<p><a href=\"mailto:cecilio@foos-app.com\">cecilio@foos-app.com<\/a><\/p>\n<p>637 130 798<\/p>\n","protected":false},"excerpt":{"rendered":"<p>La joven empresa sevillana de reparto de comida a domicilio ofrece gratuitamente su servicio de reparto de comida y medicinas [&hellip;]<\/p>\n","protected":false},"author":10,"featured_media":4857,"comment_status":"open","ping_status":"open","sticky":false,"template":"","format":"standard","meta":{"_acf_changed":false,"site-sidebar-layout":"default","site-content-layout":"","ast-site-content-layout":"default","site-content-style":"default","site-sidebar-style":"default","ast-global-header-display":"","ast-banner-title-visibility":"","ast-main-header-display":"","ast-hfb-above-header-display":"","ast-hfb-below-header-display":"","ast-hfb-mobile-header-display":"","site-post-title":"","ast-breadcrumbs-content":"","ast-featured-img":"","footer-sml-layout":"","ast-disable-related-posts":"","theme-transparent-header-meta":"","adv-header-id-meta":"","stick-header-meta":"","header-above-stick-meta":"","header-main-stick-meta":"","header-below-stick-meta":"","astra-migrate-meta-layouts":"default","ast-page-background-enabled":"default","ast-page-background-meta":{"desktop":{"background-color":"var(--ast-global-color-5)","background-image":"","background-repeat":"repeat","background-position":"center center","background-size":"auto","background-attachment":"scroll","background-type":"","background-media":"","overlay-type":"","overlay-color":"","overlay-opacity":"","overlay-gradient":""},"tablet":{"background-color":"","background-image":"","background-repeat":"repeat","background-position":"center center","background-size":"auto","background-attachment":"scroll","background-type":"","background-media":"","overlay-type":"","overlay-color":"","overlay-opacity":"","overlay-gradient":""},"mobile":{"background-color":"","background-image":"","background-repeat":"repeat","background-position":"center center","background-size":"auto","background-attachment":"scroll","background-type":"","background-media":"","overlay-type":"","overlay-color":"","overlay-opacity":"","overlay-gradient":""}},"ast-content-background-meta":{"desktop":{"background-color":"var(--ast-global-color-4)","background-image":"","background-repeat":"repeat","background-position":"center center","background-size":"auto","background-attachment":"scroll","background-type":"","background-media":"","overlay-type":"","overlay-color":"","overlay-opacity":"","overlay-gradient":""},"tablet":{"background-color":"var(--ast-global-color-4)","background-image":"","background-repeat":"repeat","background-position":"center center","background-size":"auto","background-attachment":"scroll","background-type":"","background-media":"","overlay-type":"","overlay-color":"","overlay-opacity":"","overlay-gradient":""},"mobile":{"background-color":"var(--ast-global-color-4)","background-image":"","background-repeat":"repeat","background-position":"center center","background-size":"auto","background-attachment":"scroll","background-type":"","background-media":"","overlay-type":"","overlay-color":"","overlay-opacity":"","overlay-gradient":""}},"footnotes":""},"categories":[8,1],"tags":[],"class_list":["post-4856","post","type-post","status-publish","format-standard","has-post-thumbnail","hentry","category-noticias","category-sin-categoria"],"acf":[],"yoast_head":"<!-- This site is optimized with the Yoast SEO plugin v26.9 - https:\/\/yoast.com\/product\/yoast-seo-wordpress\/ -->\n<title>LA EMPRESA SEVILLANA FOOS, CREA UN SISTEMA EN RED DE REPARTO LOG\u00cdSTICO PARA LA 3\u00ba EDAD, Y DE APOYO AL COMERCIO LOCAL - AJE Sevilla<\/title>\n<meta name=\"robots\" content=\"index, follow, max-snippet:-1, max-image-preview:large, max-video-preview:-1\" \/>\n<link rel=\"canonical\" href=\"http:\/\/ajeandalucia.org\/sevilla\/2020\/03\/31\/la-empresa-sevillana-foos-crea-un-sistema-en-red-de-reparto-logistico-para-la-3o-edad-y-de-apoyo-al-comercio-local\/\" \/>\n<meta property=\"og:locale\" content=\"es_ES\" \/>\n<meta property=\"og:type\" content=\"article\" \/>\n<meta property=\"og:title\" content=\"LA EMPRESA SEVILLANA FOOS, CREA UN SISTEMA EN RED DE REPARTO LOG\u00cdSTICO PARA LA 3\u00ba EDAD, Y DE APOYO AL COMERCIO LOCAL - AJE Sevilla\" \/>\n<meta property=\"og:description\" content=\"La joven empresa sevillana de reparto de comida a domicilio ofrece gratuitamente su servicio de reparto de comida y medicinas [&hellip;]\" \/>\n<meta property=\"og:url\" content=\"http:\/\/ajeandalucia.org\/sevilla\/2020\/03\/31\/la-empresa-sevillana-foos-crea-un-sistema-en-red-de-reparto-logistico-para-la-3o-edad-y-de-apoyo-al-comercio-local\/\" \/>\n<meta property=\"og:site_name\" content=\"AJE Sevilla\" \/>\n<meta property=\"article:published_time\" content=\"2020-03-31T18:11:33+00:00\" \/>\n<meta property=\"article:modified_time\" content=\"2020-03-31T19:04:26+00:00\" \/>\n<meta property=\"og:image\" content=\"http:\/\/ajeandalucia.org\/sevilla\/wp-content\/uploads\/sites\/11\/2020\/03\/salmorejo-con-jamon-casero-en-Sevilla-comidas-caseras-en-Sevilla-comida-casera-para-la-oficina-Foos-1-1024x768.jpg\" \/>\n\t<meta property=\"og:image:width\" content=\"1024\" \/>\n\t<meta property=\"og:image:height\" content=\"768\" \/>\n\t<meta property=\"og:image:type\" content=\"image\/jpeg\" \/>\n<meta name=\"author\" content=\"sevilla\" \/>\n<meta name=\"twitter:card\" content=\"summary_large_image\" \/>\n<meta name=\"twitter:label1\" content=\"Escrito por\" \/>\n\t<meta name=\"twitter:data1\" content=\"sevilla\" \/>\n\t<meta name=\"twitter:label2\" content=\"Tiempo de lectura\" \/>\n\t<meta name=\"twitter:data2\" content=\"4 minutos\" \/>\n<script type=\"application\/ld+json\" class=\"yoast-schema-graph\">{\"@context\":\"https:\/\/schema.org\",\"@graph\":[{\"@type\":\"Article\",\"@id\":\"http:\/\/ajeandalucia.org\/sevilla\/2020\/03\/31\/la-empresa-sevillana-foos-crea-un-sistema-en-red-de-reparto-logistico-para-la-3o-edad-y-de-apoyo-al-comercio-local\/#article\",\"isPartOf\":{\"@id\":\"http:\/\/ajeandalucia.org\/sevilla\/2020\/03\/31\/la-empresa-sevillana-foos-crea-un-sistema-en-red-de-reparto-logistico-para-la-3o-edad-y-de-apoyo-al-comercio-local\/\"},\"author\":{\"name\":\"sevilla\",\"@id\":\"https:\/\/ajeandalucia.org\/sevilla\/#\/schema\/person\/0d17a62ec6ae5659110c772926e45151\"},\"headline\":\"LA EMPRESA SEVILLANA FOOS, CREA UN SISTEMA EN RED DE REPARTO LOG\u00cdSTICO PARA LA 3\u00ba EDAD, Y DE APOYO AL COMERCIO LOCAL\",\"datePublished\":\"2020-03-31T18:11:33+00:00\",\"dateModified\":\"2020-03-31T19:04:26+00:00\",\"mainEntityOfPage\":{\"@id\":\"http:\/\/ajeandalucia.org\/sevilla\/2020\/03\/31\/la-empresa-sevillana-foos-crea-un-sistema-en-red-de-reparto-logistico-para-la-3o-edad-y-de-apoyo-al-comercio-local\/\"},\"wordCount\":786,\"commentCount\":0,\"publisher\":{\"@id\":\"https:\/\/ajeandalucia.org\/sevilla\/#organization\"},\"image\":{\"@id\":\"http:\/\/ajeandalucia.org\/sevilla\/2020\/03\/31\/la-empresa-sevillana-foos-crea-un-sistema-en-red-de-reparto-logistico-para-la-3o-edad-y-de-apoyo-al-comercio-local\/#primaryimage\"},\"thumbnailUrl\":\"https:\/\/ajeandalucia.org\/sevilla\/wp-content\/uploads\/sites\/11\/2020\/03\/salmorejo-con-jamon-casero-en-Sevilla-comidas-caseras-en-Sevilla-comida-casera-para-la-oficina-Foos-1-1024x768.jpg\",\"articleSection\":[\"Noticias\"],\"inLanguage\":\"es\",\"potentialAction\":[{\"@type\":\"CommentAction\",\"name\":\"Comment\",\"target\":[\"http:\/\/ajeandalucia.org\/sevilla\/2020\/03\/31\/la-empresa-sevillana-foos-crea-un-sistema-en-red-de-reparto-logistico-para-la-3o-edad-y-de-apoyo-al-comercio-local\/#respond\"]}]},{\"@type\":\"WebPage\",\"@id\":\"http:\/\/ajeandalucia.org\/sevilla\/2020\/03\/31\/la-empresa-sevillana-foos-crea-un-sistema-en-red-de-reparto-logistico-para-la-3o-edad-y-de-apoyo-al-comercio-local\/\",\"url\":\"http:\/\/ajeandalucia.org\/sevilla\/2020\/03\/31\/la-empresa-sevillana-foos-crea-un-sistema-en-red-de-reparto-logistico-para-la-3o-edad-y-de-apoyo-al-comercio-local\/\",\"name\":\"LA EMPRESA SEVILLANA FOOS, CREA UN SISTEMA EN RED DE REPARTO LOG\u00cdSTICO PARA LA 3\u00ba EDAD, Y DE APOYO AL COMERCIO LOCAL - AJE Sevilla\",\"isPartOf\":{\"@id\":\"https:\/\/ajeandalucia.org\/sevilla\/#website\"},\"primaryImageOfPage\":{\"@id\":\"http:\/\/ajeandalucia.org\/sevilla\/2020\/03\/31\/la-empresa-sevillana-foos-crea-un-sistema-en-red-de-reparto-logistico-para-la-3o-edad-y-de-apoyo-al-comercio-local\/#primaryimage\"},\"image\":{\"@id\":\"http:\/\/ajeandalucia.org\/sevilla\/2020\/03\/31\/la-empresa-sevillana-foos-crea-un-sistema-en-red-de-reparto-logistico-para-la-3o-edad-y-de-apoyo-al-comercio-local\/#primaryimage\"},\"thumbnailUrl\":\"https:\/\/ajeandalucia.org\/sevilla\/wp-content\/uploads\/sites\/11\/2020\/03\/salmorejo-con-jamon-casero-en-Sevilla-comidas-caseras-en-Sevilla-comida-casera-para-la-oficina-Foos-1-1024x768.jpg\",\"datePublished\":\"2020-03-31T18:11:33+00:00\",\"dateModified\":\"2020-03-31T19:04:26+00:00\",\"breadcrumb\":{\"@id\":\"http:\/\/ajeandalucia.org\/sevilla\/2020\/03\/31\/la-empresa-sevillana-foos-crea-un-sistema-en-red-de-reparto-logistico-para-la-3o-edad-y-de-apoyo-al-comercio-local\/#breadcrumb\"},\"inLanguage\":\"es\",\"potentialAction\":[{\"@type\":\"ReadAction\",\"target\":[\"http:\/\/ajeandalucia.org\/sevilla\/2020\/03\/31\/la-empresa-sevillana-foos-crea-un-sistema-en-red-de-reparto-logistico-para-la-3o-edad-y-de-apoyo-al-comercio-local\/\"]}]},{\"@type\":\"ImageObject\",\"inLanguage\":\"es\",\"@id\":\"http:\/\/ajeandalucia.org\/sevilla\/2020\/03\/31\/la-empresa-sevillana-foos-crea-un-sistema-en-red-de-reparto-logistico-para-la-3o-edad-y-de-apoyo-al-comercio-local\/#primaryimage\",\"url\":\"https:\/\/ajeandalucia.org\/sevilla\/wp-content\/uploads\/sites\/11\/2020\/03\/salmorejo-con-jamon-casero-en-Sevilla-comidas-caseras-en-Sevilla-comida-casera-para-la-oficina-Foos-1-1024x768.jpg\",\"contentUrl\":\"https:\/\/ajeandalucia.org\/sevilla\/wp-content\/uploads\/sites\/11\/2020\/03\/salmorejo-con-jamon-casero-en-Sevilla-comidas-caseras-en-Sevilla-comida-casera-para-la-oficina-Foos-1-1024x768.jpg\",\"width\":1024,\"height\":768},{\"@type\":\"BreadcrumbList\",\"@id\":\"http:\/\/ajeandalucia.org\/sevilla\/2020\/03\/31\/la-empresa-sevillana-foos-crea-un-sistema-en-red-de-reparto-logistico-para-la-3o-edad-y-de-apoyo-al-comercio-local\/#breadcrumb\",\"itemListElement\":[{\"@type\":\"ListItem\",\"position\":1,\"name\":\"Portada\",\"item\":\"https:\/\/ajeandalucia.org\/sevilla\/\"},{\"@type\":\"ListItem\",\"position\":2,\"name\":\"LA EMPRESA SEVILLANA FOOS, CREA UN SISTEMA EN RED DE REPARTO LOG\u00cdSTICO PARA LA 3\u00ba EDAD, Y DE APOYO AL COMERCIO LOCAL\"}]},{\"@type\":\"WebSite\",\"@id\":\"https:\/\/ajeandalucia.org\/sevilla\/#website\",\"url\":\"https:\/\/ajeandalucia.org\/sevilla\/\",\"name\":\"AJE Sevilla\",\"description\":\"Asociaci\u00f3n de J\u00f3venes Empresarios de Sevilla\",\"publisher\":{\"@id\":\"https:\/\/ajeandalucia.org\/sevilla\/#organization\"},\"potentialAction\":[{\"@type\":\"SearchAction\",\"target\":{\"@type\":\"EntryPoint\",\"urlTemplate\":\"https:\/\/ajeandalucia.org\/sevilla\/?s={search_term_string}\"},\"query-input\":{\"@type\":\"PropertyValueSpecification\",\"valueRequired\":true,\"valueName\":\"search_term_string\"}}],\"inLanguage\":\"es\"},{\"@type\":\"Organization\",\"@id\":\"https:\/\/ajeandalucia.org\/sevilla\/#organization\",\"name\":\"AJE Sevilla\",\"url\":\"https:\/\/ajeandalucia.org\/sevilla\/\",\"logo\":{\"@type\":\"ImageObject\",\"inLanguage\":\"es\",\"@id\":\"https:\/\/ajeandalucia.org\/sevilla\/#\/schema\/logo\/image\/\",\"url\":\"https:\/\/ajeandalucia.org\/sevilla\/wp-content\/uploads\/sites\/11\/2025\/02\/AJE-SEVILLA-horizontal.png\",\"contentUrl\":\"https:\/\/ajeandalucia.org\/sevilla\/wp-content\/uploads\/sites\/11\/2025\/02\/AJE-SEVILLA-horizontal.png\",\"width\":612,\"height\":200,\"caption\":\"AJE Sevilla\"},\"image\":{\"@id\":\"https:\/\/ajeandalucia.org\/sevilla\/#\/schema\/logo\/image\/\"}},{\"@type\":\"Person\",\"@id\":\"https:\/\/ajeandalucia.org\/sevilla\/#\/schema\/person\/0d17a62ec6ae5659110c772926e45151\",\"name\":\"sevilla\",\"image\":{\"@type\":\"ImageObject\",\"inLanguage\":\"es\",\"@id\":\"https:\/\/ajeandalucia.org\/sevilla\/#\/schema\/person\/image\/\",\"url\":\"https:\/\/secure.gravatar.com\/avatar\/cade70fd47d0edc1a5b43a03b1093a39e149ff5361a81f13e9c7b090c17c4b94?s=96&d=mm&r=g\",\"contentUrl\":\"https:\/\/secure.gravatar.com\/avatar\/cade70fd47d0edc1a5b43a03b1093a39e149ff5361a81f13e9c7b090c17c4b94?s=96&d=mm&r=g\",\"caption\":\"sevilla\"},\"url\":\"https:\/\/ajeandalucia.org\/sevilla\/author\/sevilla\/\"}]}<\/script>\n<!-- \/ Yoast SEO plugin. -->","yoast_head_json":{"title":"LA EMPRESA SEVILLANA FOOS, CREA UN SISTEMA EN RED DE REPARTO LOG\u00cdSTICO PARA LA 3\u00ba EDAD, Y DE APOYO AL COMERCIO LOCAL - AJE Sevilla","robots":{"index":"index","follow":"follow","max-snippet":"max-snippet:-1","max-image-preview":"max-image-preview:large","max-video-preview":"max-video-preview:-1"},"canonical":"http:\/\/ajeandalucia.org\/sevilla\/2020\/03\/31\/la-empresa-sevillana-foos-crea-un-sistema-en-red-de-reparto-logistico-para-la-3o-edad-y-de-apoyo-al-comercio-local\/","og_locale":"es_ES","og_type":"article","og_title":"LA EMPRESA SEVILLANA FOOS, CREA UN SISTEMA EN RED DE REPARTO LOG\u00cdSTICO PARA LA 3\u00ba EDAD, Y DE APOYO AL COMERCIO LOCAL - AJE Sevilla","og_description":"La joven empresa sevillana de reparto de comida a domicilio ofrece gratuitamente su servicio de reparto de comida y medicinas [&hellip;]","og_url":"http:\/\/ajeandalucia.org\/sevilla\/2020\/03\/31\/la-empresa-sevillana-foos-crea-un-sistema-en-red-de-reparto-logistico-para-la-3o-edad-y-de-apoyo-al-comercio-local\/","og_site_name":"AJE Sevilla","article_published_time":"2020-03-31T18:11:33+00:00","article_modified_time":"2020-03-31T19:04:26+00:00","og_image":[{"width":1024,"height":768,"url":"http:\/\/ajeandalucia.org\/sevilla\/wp-content\/uploads\/sites\/11\/2020\/03\/salmorejo-con-jamon-casero-en-Sevilla-comidas-caseras-en-Sevilla-comida-casera-para-la-oficina-Foos-1-1024x768.jpg","type":"image\/jpeg"}],"author":"sevilla","twitter_card":"summary_large_image","twitter_misc":{"Escrito por":"sevilla","Tiempo de lectura":"4 minutos"},"schema":{"@context":"https:\/\/schema.org","@graph":[{"@type":"Article","@id":"http:\/\/ajeandalucia.org\/sevilla\/2020\/03\/31\/la-empresa-sevillana-foos-crea-un-sistema-en-red-de-reparto-logistico-para-la-3o-edad-y-de-apoyo-al-comercio-local\/#article","isPartOf":{"@id":"http:\/\/ajeandalucia.org\/sevilla\/2020\/03\/31\/la-empresa-sevillana-foos-crea-un-sistema-en-red-de-reparto-logistico-para-la-3o-edad-y-de-apoyo-al-comercio-local\/"},"author":{"name":"sevilla","@id":"https:\/\/ajeandalucia.org\/sevilla\/#\/schema\/person\/0d17a62ec6ae5659110c772926e45151"},"headline":"LA EMPRESA SEVILLANA FOOS, CREA UN SISTEMA EN RED DE REPARTO LOG\u00cdSTICO PARA LA 3\u00ba EDAD, Y DE APOYO AL COMERCIO LOCAL","datePublished":"2020-03-31T18:11:33+00:00","dateModified":"2020-03-31T19:04:26+00:00","mainEntityOfPage":{"@id":"http:\/\/ajeandalucia.org\/sevilla\/2020\/03\/31\/la-empresa-sevillana-foos-crea-un-sistema-en-red-de-reparto-logistico-para-la-3o-edad-y-de-apoyo-al-comercio-local\/"},"wordCount":786,"commentCount":0,"publisher":{"@id":"https:\/\/ajeandalucia.org\/sevilla\/#organization"},"image":{"@id":"http:\/\/ajeandalucia.org\/sevilla\/2020\/03\/31\/la-empresa-sevillana-foos-crea-un-sistema-en-red-de-reparto-logistico-para-la-3o-edad-y-de-apoyo-al-comercio-local\/#primaryimage"},"thumbnailUrl":"https:\/\/ajeandalucia.org\/sevilla\/wp-content\/uploads\/sites\/11\/2020\/03\/salmorejo-con-jamon-casero-en-Sevilla-comidas-caseras-en-Sevilla-comida-casera-para-la-oficina-Foos-1-1024x768.jpg","articleSection":["Noticias"],"inLanguage":"es","potentialAction":[{"@type":"CommentAction","name":"Comment","target":["http:\/\/ajeandalucia.org\/sevilla\/2020\/03\/31\/la-empresa-sevillana-foos-crea-un-sistema-en-red-de-reparto-logistico-para-la-3o-edad-y-de-apoyo-al-comercio-local\/#respond"]}]},{"@type":"WebPage","@id":"http:\/\/ajeandalucia.org\/sevilla\/2020\/03\/31\/la-empresa-sevillana-foos-crea-un-sistema-en-red-de-reparto-logistico-para-la-3o-edad-y-de-apoyo-al-comercio-local\/","url":"http:\/\/ajeandalucia.org\/sevilla\/2020\/03\/31\/la-empresa-sevillana-foos-crea-un-sistema-en-red-de-reparto-logistico-para-la-3o-edad-y-de-apoyo-al-comercio-local\/","name":"LA EMPRESA SEVILLANA FOOS, CREA UN SISTEMA EN RED DE REPARTO LOG\u00cdSTICO PARA LA 3\u00ba EDAD, Y DE APOYO AL COMERCIO LOCAL - AJE Sevilla","isPartOf":{"@id":"https:\/\/ajeandalucia.org\/sevilla\/#website"},"primaryImageOfPage":{"@id":"http:\/\/ajeandalucia.org\/sevilla\/2020\/03\/31\/la-empresa-sevillana-foos-crea-un-sistema-en-red-de-reparto-logistico-para-la-3o-edad-y-de-apoyo-al-comercio-local\/#primaryimage"},"image":{"@id":"http:\/\/ajeandalucia.org\/sevilla\/2020\/03\/31\/la-empresa-sevillana-foos-crea-un-sistema-en-red-de-reparto-logistico-para-la-3o-edad-y-de-apoyo-al-comercio-local\/#primaryimage"},"thumbnailUrl":"https:\/\/ajeandalucia.org\/sevilla\/wp-content\/uploads\/sites\/11\/2020\/03\/salmorejo-con-jamon-casero-en-Sevilla-comidas-caseras-en-Sevilla-comida-casera-para-la-oficina-Foos-1-1024x768.jpg","datePublished":"2020-03-31T18:11:33+00:00","dateModified":"2020-03-31T19:04:26+00:00","breadcrumb":{"@id":"http:\/\/ajeandalucia.org\/sevilla\/2020\/03\/31\/la-empresa-sevillana-foos-crea-un-sistema-en-red-de-reparto-logistico-para-la-3o-edad-y-de-apoyo-al-comercio-local\/#breadcrumb"},"inLanguage":"es","potentialAction":[{"@type":"ReadAction","target":["http:\/\/ajeandalucia.org\/sevilla\/2020\/03\/31\/la-empresa-sevillana-foos-crea-un-sistema-en-red-de-reparto-logistico-para-la-3o-edad-y-de-apoyo-al-comercio-local\/"]}]},{"@type":"ImageObject","inLanguage":"es","@id":"http:\/\/ajeandalucia.org\/sevilla\/2020\/03\/31\/la-empresa-sevillana-foos-crea-un-sistema-en-red-de-reparto-logistico-para-la-3o-edad-y-de-apoyo-al-comercio-local\/#primaryimage","url":"https:\/\/ajeandalucia.org\/sevilla\/wp-content\/uploads\/sites\/11\/2020\/03\/salmorejo-con-jamon-casero-en-Sevilla-comidas-caseras-en-Sevilla-comida-casera-para-la-oficina-Foos-1-1024x768.jpg","contentUrl":"https:\/\/ajeandalucia.org\/sevilla\/wp-content\/uploads\/sites\/11\/2020\/03\/salmorejo-con-jamon-casero-en-Sevilla-comidas-caseras-en-Sevilla-comida-casera-para-la-oficina-Foos-1-1024x768.jpg","width":1024,"height":768},{"@type":"BreadcrumbList","@id":"http:\/\/ajeandalucia.org\/sevilla\/2020\/03\/31\/la-empresa-sevillana-foos-crea-un-sistema-en-red-de-reparto-logistico-para-la-3o-edad-y-de-apoyo-al-comercio-local\/#breadcrumb","itemListElement":[{"@type":"ListItem","position":1,"name":"Portada","item":"https:\/\/ajeandalucia.org\/sevilla\/"},{"@type":"ListItem","position":2,"name":"LA EMPRESA SEVILLANA FOOS, CREA UN SISTEMA EN RED DE REPARTO LOG\u00cdSTICO PARA LA 3\u00ba EDAD, Y DE APOYO AL COMERCIO LOCAL"}]},{"@type":"WebSite","@id":"https:\/\/ajeandalucia.org\/sevilla\/#website","url":"https:\/\/ajeandalucia.org\/sevilla\/","name":"AJE Sevilla","description":"Asociaci\u00f3n de J\u00f3venes Empresarios de Sevilla","publisher":{"@id":"https:\/\/ajeandalucia.org\/sevilla\/#organization"},"potentialAction":[{"@type":"SearchAction","target":{"@type":"EntryPoint","urlTemplate":"https:\/\/ajeandalucia.org\/sevilla\/?s={search_term_string}"},"query-input":{"@type":"PropertyValueSpecification","valueRequired":true,"valueName":"search_term_string"}}],"inLanguage":"es"},{"@type":"Organization","@id":"https:\/\/ajeandalucia.org\/sevilla\/#organization","name":"AJE Sevilla","url":"https:\/\/ajeandalucia.org\/sevilla\/","logo":{"@type":"ImageObject","inLanguage":"es","@id":"https:\/\/ajeandalucia.org\/sevilla\/#\/schema\/logo\/image\/","url":"https:\/\/ajeandalucia.org\/sevilla\/wp-content\/uploads\/sites\/11\/2025\/02\/AJE-SEVILLA-horizontal.png","contentUrl":"https:\/\/ajeandalucia.org\/sevilla\/wp-content\/uploads\/sites\/11\/2025\/02\/AJE-SEVILLA-horizontal.png","width":612,"height":200,"caption":"AJE Sevilla"},"image":{"@id":"https:\/\/ajeandalucia.org\/sevilla\/#\/schema\/logo\/image\/"}},{"@type":"Person","@id":"https:\/\/ajeandalucia.org\/sevilla\/#\/schema\/person\/0d17a62ec6ae5659110c772926e45151","name":"sevilla","image":{"@type":"ImageObject","inLanguage":"es","@id":"https:\/\/ajeandalucia.org\/sevilla\/#\/schema\/person\/image\/","url":"https:\/\/secure.gravatar.com\/avatar\/cade70fd47d0edc1a5b43a03b1093a39e149ff5361a81f13e9c7b090c17c4b94?s=96&d=mm&r=g","contentUrl":"https:\/\/secure.gravatar.com\/avatar\/cade70fd47d0edc1a5b43a03b1093a39e149ff5361a81f13e9c7b090c17c4b94?s=96&d=mm&r=g","caption":"sevilla"},"url":"https:\/\/ajeandalucia.org\/sevilla\/author\/sevilla\/"}]}},"_links":{"self":[{"href":"https:\/\/ajeandalucia.org\/sevilla\/wp-json\/wp\/v2\/posts\/4856","targetHints":{"allow":["GET"]}}],"collection":[{"href":"https:\/\/ajeandalucia.org\/sevilla\/wp-json\/wp\/v2\/posts"}],"about":[{"href":"https:\/\/ajeandalucia.org\/sevilla\/wp-json\/wp\/v2\/types\/post"}],"author":[{"embeddable":true,"href":"https:\/\/ajeandalucia.org\/sevilla\/wp-json\/wp\/v2\/users\/10"}],"replies":[{"embeddable":true,"href":"https:\/\/ajeandalucia.org\/sevilla\/wp-json\/wp\/v2\/comments?post=4856"}],"version-history":[{"count":1,"href":"https:\/\/ajeandalucia.org\/sevilla\/wp-json\/wp\/v2\/posts\/4856\/revisions"}],"predecessor-version":[{"id":4858,"href":"https:\/\/ajeandalucia.org\/sevilla\/wp-json\/wp\/v2\/posts\/4856\/revisions\/4858"}],"wp:featuredmedia":[{"embeddable":true,"href":"https:\/\/ajeandalucia.org\/sevilla\/wp-json\/wp\/v2\/media\/4857"}],"wp:attachment":[{"href":"https:\/\/ajeandalucia.org\/sevilla\/wp-json\/wp\/v2\/media?parent=4856"}],"wp:term":[{"taxonomy":"category","embeddable":true,"href":"https:\/\/ajeandalucia.org\/sevilla\/wp-json\/wp\/v2\/categories?post=4856"},{"taxonomy":"post_tag","embeddable":true,"href":"https:\/\/ajeandalucia.org\/sevilla\/wp-json\/wp\/v2\/tags?post=4856"}],"curies":[{"name":"wp","href":"https:\/\/api.w.org\/{rel}","templated":true}]}}