{"id":9898,"date":"2022-12-01T19:53:09","date_gmt":"2022-12-01T19:53:09","guid":{"rendered":"https:\/\/www.ajeandalucia.org\/sevilla\/?p=9898"},"modified":"2022-12-04T19:55:13","modified_gmt":"2022-12-04T19:55:13","slug":"aje-sevilla-y-foro-marketing-sevilla-firman-un-acuerdo-de-colaboracion","status":"publish","type":"post","link":"https:\/\/ajeandalucia.org\/sevilla\/2022\/12\/01\/aje-sevilla-y-foro-marketing-sevilla-firman-un-acuerdo-de-colaboracion\/","title":{"rendered":"AJE Sevilla y Foro Marketing Sevilla firman un acuerdo de colaboraci\u00f3n"},"content":{"rendered":"<p>La Asociaci\u00f3n de J\u00f3venes Empresarios de Sevilla (AJE Sevilla) y la asociaci\u00f3n Foro Marketing Sevilla (FMS) han firmado un acuerdo de colaboraci\u00f3n, con el fin de intercambiar sinergias que aporten valor a los socios de ambas organizaciones, siempre en la l\u00ednea de la promoci\u00f3n del marketing y la estrategia empresarial, a trav\u00e9s de distintas actividades conjuntas para tal fin.<\/p>\n<p>En la firma estuvieron presentes Candela Luque, actual Presidenta de AJE Sevilla y Roc\u00edo Tornay, Socia Fundadora y Presidenta de Foro Marketing Sevilla. Las responsables de ambas organizaciones declararon estar muy satisfechas con este acuerdo de colaboraci\u00f3n, el cual se materializar\u00e1 en breve, a trav\u00e9s de una comisi\u00f3n mixta donde se celebrar\u00e1n distintos encuentros y actividades que est\u00e9n encaminadas a favorecer la empresa y la difusi\u00f3n del marketing.<\/p>\n<p>En palabras de Luque \u201cdesde AJE Sevilla estamos muy contentos con este acuerdo de colaboraci\u00f3n, ya que entendemos que en la actualidad el marketing es fundamental para la empresa, pertenezca al sector que pertenezca y sin duda, Foro Marketing Sevilla es una instituci\u00f3n referente en materia de marketing, tanto en Sevilla como en Andaluc\u00eda\u201d. Por su parte, Tornay recordaba que \u201cla misi\u00f3n de Foro Marketing Sevilla es la transmisi\u00f3n de la filosof\u00eda del marketing en la empresa sevillana, con lo cual, este acuerdo es estrat\u00e9gico, m\u00e1s trat\u00e1ndose de una instituci\u00f3n como AJE Sevilla que es clave para el tejido empresarial.\u201d<\/p>\n","protected":false},"excerpt":{"rendered":"<p>La Asociaci\u00f3n de J\u00f3venes Empresarios de Sevilla (AJE Sevilla) y la asociaci\u00f3n Foro Marketing Sevilla (FMS) han firmado un acuerdo [&hellip;]<\/p>\n","protected":false},"author":10,"featured_media":9899,"comment_status":"open","ping_status":"open","sticky":false,"template":"","format":"standard","meta":{"_acf_changed":false,"site-sidebar-layout":"default","site-content-layout":"","ast-site-content-layout":"default","site-content-style":"default","site-sidebar-style":"default","ast-global-header-display":"","ast-banner-title-visibility":"","ast-main-header-display":"","ast-hfb-above-header-display":"","ast-hfb-below-header-display":"","ast-hfb-mobile-header-display":"","site-post-title":"","ast-breadcrumbs-content":"","ast-featured-img":"","footer-sml-layout":"","ast-disable-related-posts":"","theme-transparent-header-meta":"","adv-header-id-meta":"","stick-header-meta":"","header-above-stick-meta":"","header-main-stick-meta":"","header-below-stick-meta":"","astra-migrate-meta-layouts":"default","ast-page-background-enabled":"default","ast-page-background-meta":{"desktop":{"background-color":"var(--ast-global-color-5)","background-image":"","background-repeat":"repeat","background-position":"center center","background-size":"auto","background-attachment":"scroll","background-type":"","background-media":"","overlay-type":"","overlay-color":"","overlay-opacity":"","overlay-gradient":""},"tablet":{"background-color":"","background-image":"","background-repeat":"repeat","background-position":"center center","background-size":"auto","background-attachment":"scroll","background-type":"","background-media":"","overlay-type":"","overlay-color":"","overlay-opacity":"","overlay-gradient":""},"mobile":{"background-color":"","background-image":"","background-repeat":"repeat","background-position":"center center","background-size":"auto","background-attachment":"scroll","background-type":"","background-media":"","overlay-type":"","overlay-color":"","overlay-opacity":"","overlay-gradient":""}},"ast-content-background-meta":{"desktop":{"background-color":"var(--ast-global-color-4)","background-image":"","background-repeat":"repeat","background-position":"center center","background-size":"auto","background-attachment":"scroll","background-type":"","background-media":"","overlay-type":"","overlay-color":"","overlay-opacity":"","overlay-gradient":""},"tablet":{"background-color":"var(--ast-global-color-4)","background-image":"","background-repeat":"repeat","background-position":"center center","background-size":"auto","background-attachment":"scroll","background-type":"","background-media":"","overlay-type":"","overlay-color":"","overlay-opacity":"","overlay-gradient":""},"mobile":{"background-color":"var(--ast-global-color-4)","background-image":"","background-repeat":"repeat","background-position":"center center","background-size":"auto","background-attachment":"scroll","background-type":"","background-media":"","overlay-type":"","overlay-color":"","overlay-opacity":"","overlay-gradient":""}},"footnotes":""},"categories":[8],"tags":[],"class_list":["post-9898","post","type-post","status-publish","format-standard","has-post-thumbnail","hentry","category-noticias"],"acf":[],"yoast_head":"<!-- This site is optimized with the Yoast SEO plugin v26.9 - https:\/\/yoast.com\/product\/yoast-seo-wordpress\/ -->\n<title>AJE Sevilla y Foro Marketing Sevilla firman un acuerdo de colaboraci\u00f3n - AJE Sevilla<\/title>\n<meta name=\"robots\" content=\"index, follow, max-snippet:-1, max-image-preview:large, max-video-preview:-1\" \/>\n<link rel=\"canonical\" href=\"https:\/\/ajeandalucia.org\/sevilla\/2022\/12\/01\/aje-sevilla-y-foro-marketing-sevilla-firman-un-acuerdo-de-colaboracion\/\" \/>\n<meta property=\"og:locale\" content=\"es_ES\" \/>\n<meta property=\"og:type\" content=\"article\" \/>\n<meta property=\"og:title\" content=\"AJE Sevilla y Foro Marketing Sevilla firman un acuerdo de colaboraci\u00f3n - AJE Sevilla\" \/>\n<meta property=\"og:description\" content=\"La Asociaci\u00f3n de J\u00f3venes Empresarios de Sevilla (AJE Sevilla) y la asociaci\u00f3n Foro Marketing Sevilla (FMS) han firmado un acuerdo [&hellip;]\" \/>\n<meta property=\"og:url\" content=\"https:\/\/ajeandalucia.org\/sevilla\/2022\/12\/01\/aje-sevilla-y-foro-marketing-sevilla-firman-un-acuerdo-de-colaboracion\/\" \/>\n<meta property=\"og:site_name\" content=\"AJE Sevilla\" \/>\n<meta property=\"article:published_time\" content=\"2022-12-01T19:53:09+00:00\" \/>\n<meta property=\"article:modified_time\" content=\"2022-12-04T19:55:13+00:00\" \/>\n<meta property=\"og:image\" content=\"https:\/\/ajeandalucia.org\/sevilla\/wp-content\/uploads\/sites\/11\/2022\/12\/58BDA460-6B13-4518-BD30-BDC4C4F6A425.jpeg\" \/>\n\t<meta property=\"og:image:width\" content=\"1440\" \/>\n\t<meta property=\"og:image:height\" content=\"1077\" \/>\n\t<meta property=\"og:image:type\" content=\"image\/jpeg\" \/>\n<meta name=\"author\" content=\"sevilla\" \/>\n<meta name=\"twitter:card\" content=\"summary_large_image\" \/>\n<meta name=\"twitter:label1\" content=\"Escrito por\" \/>\n\t<meta name=\"twitter:data1\" content=\"sevilla\" \/>\n\t<meta name=\"twitter:label2\" content=\"Tiempo de lectura\" \/>\n\t<meta name=\"twitter:data2\" content=\"1 minuto\" \/>\n<script type=\"application\/ld+json\" class=\"yoast-schema-graph\">{\"@context\":\"https:\/\/schema.org\",\"@graph\":[{\"@type\":\"Article\",\"@id\":\"https:\/\/ajeandalucia.org\/sevilla\/2022\/12\/01\/aje-sevilla-y-foro-marketing-sevilla-firman-un-acuerdo-de-colaboracion\/#article\",\"isPartOf\":{\"@id\":\"https:\/\/ajeandalucia.org\/sevilla\/2022\/12\/01\/aje-sevilla-y-foro-marketing-sevilla-firman-un-acuerdo-de-colaboracion\/\"},\"author\":{\"name\":\"sevilla\",\"@id\":\"https:\/\/ajeandalucia.org\/sevilla\/#\/schema\/person\/0d17a62ec6ae5659110c772926e45151\"},\"headline\":\"AJE Sevilla y Foro Marketing Sevilla firman un acuerdo de colaboraci\u00f3n\",\"datePublished\":\"2022-12-01T19:53:09+00:00\",\"dateModified\":\"2022-12-04T19:55:13+00:00\",\"mainEntityOfPage\":{\"@id\":\"https:\/\/ajeandalucia.org\/sevilla\/2022\/12\/01\/aje-sevilla-y-foro-marketing-sevilla-firman-un-acuerdo-de-colaboracion\/\"},\"wordCount\":263,\"commentCount\":0,\"publisher\":{\"@id\":\"https:\/\/ajeandalucia.org\/sevilla\/#organization\"},\"image\":{\"@id\":\"https:\/\/ajeandalucia.org\/sevilla\/2022\/12\/01\/aje-sevilla-y-foro-marketing-sevilla-firman-un-acuerdo-de-colaboracion\/#primaryimage\"},\"thumbnailUrl\":\"https:\/\/ajeandalucia.org\/sevilla\/wp-content\/uploads\/sites\/11\/2022\/12\/58BDA460-6B13-4518-BD30-BDC4C4F6A425.jpeg\",\"articleSection\":[\"Noticias\"],\"inLanguage\":\"es\",\"potentialAction\":[{\"@type\":\"CommentAction\",\"name\":\"Comment\",\"target\":[\"https:\/\/ajeandalucia.org\/sevilla\/2022\/12\/01\/aje-sevilla-y-foro-marketing-sevilla-firman-un-acuerdo-de-colaboracion\/#respond\"]}]},{\"@type\":\"WebPage\",\"@id\":\"https:\/\/ajeandalucia.org\/sevilla\/2022\/12\/01\/aje-sevilla-y-foro-marketing-sevilla-firman-un-acuerdo-de-colaboracion\/\",\"url\":\"https:\/\/ajeandalucia.org\/sevilla\/2022\/12\/01\/aje-sevilla-y-foro-marketing-sevilla-firman-un-acuerdo-de-colaboracion\/\",\"name\":\"AJE Sevilla y Foro Marketing Sevilla firman un acuerdo de colaboraci\u00f3n - AJE Sevilla\",\"isPartOf\":{\"@id\":\"https:\/\/ajeandalucia.org\/sevilla\/#website\"},\"primaryImageOfPage\":{\"@id\":\"https:\/\/ajeandalucia.org\/sevilla\/2022\/12\/01\/aje-sevilla-y-foro-marketing-sevilla-firman-un-acuerdo-de-colaboracion\/#primaryimage\"},\"image\":{\"@id\":\"https:\/\/ajeandalucia.org\/sevilla\/2022\/12\/01\/aje-sevilla-y-foro-marketing-sevilla-firman-un-acuerdo-de-colaboracion\/#primaryimage\"},\"thumbnailUrl\":\"https:\/\/ajeandalucia.org\/sevilla\/wp-content\/uploads\/sites\/11\/2022\/12\/58BDA460-6B13-4518-BD30-BDC4C4F6A425.jpeg\",\"datePublished\":\"2022-12-01T19:53:09+00:00\",\"dateModified\":\"2022-12-04T19:55:13+00:00\",\"breadcrumb\":{\"@id\":\"https:\/\/ajeandalucia.org\/sevilla\/2022\/12\/01\/aje-sevilla-y-foro-marketing-sevilla-firman-un-acuerdo-de-colaboracion\/#breadcrumb\"},\"inLanguage\":\"es\",\"potentialAction\":[{\"@type\":\"ReadAction\",\"target\":[\"https:\/\/ajeandalucia.org\/sevilla\/2022\/12\/01\/aje-sevilla-y-foro-marketing-sevilla-firman-un-acuerdo-de-colaboracion\/\"]}]},{\"@type\":\"ImageObject\",\"inLanguage\":\"es\",\"@id\":\"https:\/\/ajeandalucia.org\/sevilla\/2022\/12\/01\/aje-sevilla-y-foro-marketing-sevilla-firman-un-acuerdo-de-colaboracion\/#primaryimage\",\"url\":\"https:\/\/ajeandalucia.org\/sevilla\/wp-content\/uploads\/sites\/11\/2022\/12\/58BDA460-6B13-4518-BD30-BDC4C4F6A425.jpeg\",\"contentUrl\":\"https:\/\/ajeandalucia.org\/sevilla\/wp-content\/uploads\/sites\/11\/2022\/12\/58BDA460-6B13-4518-BD30-BDC4C4F6A425.jpeg\",\"width\":1440,\"height\":1077},{\"@type\":\"BreadcrumbList\",\"@id\":\"https:\/\/ajeandalucia.org\/sevilla\/2022\/12\/01\/aje-sevilla-y-foro-marketing-sevilla-firman-un-acuerdo-de-colaboracion\/#breadcrumb\",\"itemListElement\":[{\"@type\":\"ListItem\",\"position\":1,\"name\":\"Portada\",\"item\":\"https:\/\/ajeandalucia.org\/sevilla\/\"},{\"@type\":\"ListItem\",\"position\":2,\"name\":\"AJE Sevilla y Foro Marketing Sevilla firman un acuerdo de colaboraci\u00f3n\"}]},{\"@type\":\"WebSite\",\"@id\":\"https:\/\/ajeandalucia.org\/sevilla\/#website\",\"url\":\"https:\/\/ajeandalucia.org\/sevilla\/\",\"name\":\"AJE Sevilla\",\"description\":\"Asociaci\u00f3n de J\u00f3venes Empresarios de Sevilla\",\"publisher\":{\"@id\":\"https:\/\/ajeandalucia.org\/sevilla\/#organization\"},\"potentialAction\":[{\"@type\":\"SearchAction\",\"target\":{\"@type\":\"EntryPoint\",\"urlTemplate\":\"https:\/\/ajeandalucia.org\/sevilla\/?s={search_term_string}\"},\"query-input\":{\"@type\":\"PropertyValueSpecification\",\"valueRequired\":true,\"valueName\":\"search_term_string\"}}],\"inLanguage\":\"es\"},{\"@type\":\"Organization\",\"@id\":\"https:\/\/ajeandalucia.org\/sevilla\/#organization\",\"name\":\"AJE Sevilla\",\"url\":\"https:\/\/ajeandalucia.org\/sevilla\/\",\"logo\":{\"@type\":\"ImageObject\",\"inLanguage\":\"es\",\"@id\":\"https:\/\/ajeandalucia.org\/sevilla\/#\/schema\/logo\/image\/\",\"url\":\"https:\/\/ajeandalucia.org\/sevilla\/wp-content\/uploads\/sites\/11\/2025\/02\/AJE-SEVILLA-horizontal.png\",\"contentUrl\":\"https:\/\/ajeandalucia.org\/sevilla\/wp-content\/uploads\/sites\/11\/2025\/02\/AJE-SEVILLA-horizontal.png\",\"width\":612,\"height\":200,\"caption\":\"AJE Sevilla\"},\"image\":{\"@id\":\"https:\/\/ajeandalucia.org\/sevilla\/#\/schema\/logo\/image\/\"}},{\"@type\":\"Person\",\"@id\":\"https:\/\/ajeandalucia.org\/sevilla\/#\/schema\/person\/0d17a62ec6ae5659110c772926e45151\",\"name\":\"sevilla\",\"image\":{\"@type\":\"ImageObject\",\"inLanguage\":\"es\",\"@id\":\"https:\/\/ajeandalucia.org\/sevilla\/#\/schema\/person\/image\/\",\"url\":\"https:\/\/secure.gravatar.com\/avatar\/cade70fd47d0edc1a5b43a03b1093a39e149ff5361a81f13e9c7b090c17c4b94?s=96&d=mm&r=g\",\"contentUrl\":\"https:\/\/secure.gravatar.com\/avatar\/cade70fd47d0edc1a5b43a03b1093a39e149ff5361a81f13e9c7b090c17c4b94?s=96&d=mm&r=g\",\"caption\":\"sevilla\"},\"url\":\"https:\/\/ajeandalucia.org\/sevilla\/author\/sevilla\/\"}]}<\/script>\n<!-- \/ Yoast SEO plugin. -->","yoast_head_json":{"title":"AJE Sevilla y Foro Marketing Sevilla firman un acuerdo de colaboraci\u00f3n - AJE Sevilla","robots":{"index":"index","follow":"follow","max-snippet":"max-snippet:-1","max-image-preview":"max-image-preview:large","max-video-preview":"max-video-preview:-1"},"canonical":"https:\/\/ajeandalucia.org\/sevilla\/2022\/12\/01\/aje-sevilla-y-foro-marketing-sevilla-firman-un-acuerdo-de-colaboracion\/","og_locale":"es_ES","og_type":"article","og_title":"AJE Sevilla y Foro Marketing Sevilla firman un acuerdo de colaboraci\u00f3n - AJE Sevilla","og_description":"La Asociaci\u00f3n de J\u00f3venes Empresarios de Sevilla (AJE Sevilla) y la asociaci\u00f3n Foro Marketing Sevilla (FMS) han firmado un acuerdo [&hellip;]","og_url":"https:\/\/ajeandalucia.org\/sevilla\/2022\/12\/01\/aje-sevilla-y-foro-marketing-sevilla-firman-un-acuerdo-de-colaboracion\/","og_site_name":"AJE Sevilla","article_published_time":"2022-12-01T19:53:09+00:00","article_modified_time":"2022-12-04T19:55:13+00:00","og_image":[{"width":1440,"height":1077,"url":"https:\/\/ajeandalucia.org\/sevilla\/wp-content\/uploads\/sites\/11\/2022\/12\/58BDA460-6B13-4518-BD30-BDC4C4F6A425.jpeg","type":"image\/jpeg"}],"author":"sevilla","twitter_card":"summary_large_image","twitter_misc":{"Escrito por":"sevilla","Tiempo de lectura":"1 minuto"},"schema":{"@context":"https:\/\/schema.org","@graph":[{"@type":"Article","@id":"https:\/\/ajeandalucia.org\/sevilla\/2022\/12\/01\/aje-sevilla-y-foro-marketing-sevilla-firman-un-acuerdo-de-colaboracion\/#article","isPartOf":{"@id":"https:\/\/ajeandalucia.org\/sevilla\/2022\/12\/01\/aje-sevilla-y-foro-marketing-sevilla-firman-un-acuerdo-de-colaboracion\/"},"author":{"name":"sevilla","@id":"https:\/\/ajeandalucia.org\/sevilla\/#\/schema\/person\/0d17a62ec6ae5659110c772926e45151"},"headline":"AJE Sevilla y Foro Marketing Sevilla firman un acuerdo de colaboraci\u00f3n","datePublished":"2022-12-01T19:53:09+00:00","dateModified":"2022-12-04T19:55:13+00:00","mainEntityOfPage":{"@id":"https:\/\/ajeandalucia.org\/sevilla\/2022\/12\/01\/aje-sevilla-y-foro-marketing-sevilla-firman-un-acuerdo-de-colaboracion\/"},"wordCount":263,"commentCount":0,"publisher":{"@id":"https:\/\/ajeandalucia.org\/sevilla\/#organization"},"image":{"@id":"https:\/\/ajeandalucia.org\/sevilla\/2022\/12\/01\/aje-sevilla-y-foro-marketing-sevilla-firman-un-acuerdo-de-colaboracion\/#primaryimage"},"thumbnailUrl":"https:\/\/ajeandalucia.org\/sevilla\/wp-content\/uploads\/sites\/11\/2022\/12\/58BDA460-6B13-4518-BD30-BDC4C4F6A425.jpeg","articleSection":["Noticias"],"inLanguage":"es","potentialAction":[{"@type":"CommentAction","name":"Comment","target":["https:\/\/ajeandalucia.org\/sevilla\/2022\/12\/01\/aje-sevilla-y-foro-marketing-sevilla-firman-un-acuerdo-de-colaboracion\/#respond"]}]},{"@type":"WebPage","@id":"https:\/\/ajeandalucia.org\/sevilla\/2022\/12\/01\/aje-sevilla-y-foro-marketing-sevilla-firman-un-acuerdo-de-colaboracion\/","url":"https:\/\/ajeandalucia.org\/sevilla\/2022\/12\/01\/aje-sevilla-y-foro-marketing-sevilla-firman-un-acuerdo-de-colaboracion\/","name":"AJE Sevilla y Foro Marketing Sevilla firman un acuerdo de colaboraci\u00f3n - AJE Sevilla","isPartOf":{"@id":"https:\/\/ajeandalucia.org\/sevilla\/#website"},"primaryImageOfPage":{"@id":"https:\/\/ajeandalucia.org\/sevilla\/2022\/12\/01\/aje-sevilla-y-foro-marketing-sevilla-firman-un-acuerdo-de-colaboracion\/#primaryimage"},"image":{"@id":"https:\/\/ajeandalucia.org\/sevilla\/2022\/12\/01\/aje-sevilla-y-foro-marketing-sevilla-firman-un-acuerdo-de-colaboracion\/#primaryimage"},"thumbnailUrl":"https:\/\/ajeandalucia.org\/sevilla\/wp-content\/uploads\/sites\/11\/2022\/12\/58BDA460-6B13-4518-BD30-BDC4C4F6A425.jpeg","datePublished":"2022-12-01T19:53:09+00:00","dateModified":"2022-12-04T19:55:13+00:00","breadcrumb":{"@id":"https:\/\/ajeandalucia.org\/sevilla\/2022\/12\/01\/aje-sevilla-y-foro-marketing-sevilla-firman-un-acuerdo-de-colaboracion\/#breadcrumb"},"inLanguage":"es","potentialAction":[{"@type":"ReadAction","target":["https:\/\/ajeandalucia.org\/sevilla\/2022\/12\/01\/aje-sevilla-y-foro-marketing-sevilla-firman-un-acuerdo-de-colaboracion\/"]}]},{"@type":"ImageObject","inLanguage":"es","@id":"https:\/\/ajeandalucia.org\/sevilla\/2022\/12\/01\/aje-sevilla-y-foro-marketing-sevilla-firman-un-acuerdo-de-colaboracion\/#primaryimage","url":"https:\/\/ajeandalucia.org\/sevilla\/wp-content\/uploads\/sites\/11\/2022\/12\/58BDA460-6B13-4518-BD30-BDC4C4F6A425.jpeg","contentUrl":"https:\/\/ajeandalucia.org\/sevilla\/wp-content\/uploads\/sites\/11\/2022\/12\/58BDA460-6B13-4518-BD30-BDC4C4F6A425.jpeg","width":1440,"height":1077},{"@type":"BreadcrumbList","@id":"https:\/\/ajeandalucia.org\/sevilla\/2022\/12\/01\/aje-sevilla-y-foro-marketing-sevilla-firman-un-acuerdo-de-colaboracion\/#breadcrumb","itemListElement":[{"@type":"ListItem","position":1,"name":"Portada","item":"https:\/\/ajeandalucia.org\/sevilla\/"},{"@type":"ListItem","position":2,"name":"AJE Sevilla y Foro Marketing Sevilla firman un acuerdo de colaboraci\u00f3n"}]},{"@type":"WebSite","@id":"https:\/\/ajeandalucia.org\/sevilla\/#website","url":"https:\/\/ajeandalucia.org\/sevilla\/","name":"AJE Sevilla","description":"Asociaci\u00f3n de J\u00f3venes Empresarios de Sevilla","publisher":{"@id":"https:\/\/ajeandalucia.org\/sevilla\/#organization"},"potentialAction":[{"@type":"SearchAction","target":{"@type":"EntryPoint","urlTemplate":"https:\/\/ajeandalucia.org\/sevilla\/?s={search_term_string}"},"query-input":{"@type":"PropertyValueSpecification","valueRequired":true,"valueName":"search_term_string"}}],"inLanguage":"es"},{"@type":"Organization","@id":"https:\/\/ajeandalucia.org\/sevilla\/#organization","name":"AJE Sevilla","url":"https:\/\/ajeandalucia.org\/sevilla\/","logo":{"@type":"ImageObject","inLanguage":"es","@id":"https:\/\/ajeandalucia.org\/sevilla\/#\/schema\/logo\/image\/","url":"https:\/\/ajeandalucia.org\/sevilla\/wp-content\/uploads\/sites\/11\/2025\/02\/AJE-SEVILLA-horizontal.png","contentUrl":"https:\/\/ajeandalucia.org\/sevilla\/wp-content\/uploads\/sites\/11\/2025\/02\/AJE-SEVILLA-horizontal.png","width":612,"height":200,"caption":"AJE Sevilla"},"image":{"@id":"https:\/\/ajeandalucia.org\/sevilla\/#\/schema\/logo\/image\/"}},{"@type":"Person","@id":"https:\/\/ajeandalucia.org\/sevilla\/#\/schema\/person\/0d17a62ec6ae5659110c772926e45151","name":"sevilla","image":{"@type":"ImageObject","inLanguage":"es","@id":"https:\/\/ajeandalucia.org\/sevilla\/#\/schema\/person\/image\/","url":"https:\/\/secure.gravatar.com\/avatar\/cade70fd47d0edc1a5b43a03b1093a39e149ff5361a81f13e9c7b090c17c4b94?s=96&d=mm&r=g","contentUrl":"https:\/\/secure.gravatar.com\/avatar\/cade70fd47d0edc1a5b43a03b1093a39e149ff5361a81f13e9c7b090c17c4b94?s=96&d=mm&r=g","caption":"sevilla"},"url":"https:\/\/ajeandalucia.org\/sevilla\/author\/sevilla\/"}]}},"_links":{"self":[{"href":"https:\/\/ajeandalucia.org\/sevilla\/wp-json\/wp\/v2\/posts\/9898","targetHints":{"allow":["GET"]}}],"collection":[{"href":"https:\/\/ajeandalucia.org\/sevilla\/wp-json\/wp\/v2\/posts"}],"about":[{"href":"https:\/\/ajeandalucia.org\/sevilla\/wp-json\/wp\/v2\/types\/post"}],"author":[{"embeddable":true,"href":"https:\/\/ajeandalucia.org\/sevilla\/wp-json\/wp\/v2\/users\/10"}],"replies":[{"embeddable":true,"href":"https:\/\/ajeandalucia.org\/sevilla\/wp-json\/wp\/v2\/comments?post=9898"}],"version-history":[{"count":1,"href":"https:\/\/ajeandalucia.org\/sevilla\/wp-json\/wp\/v2\/posts\/9898\/revisions"}],"predecessor-version":[{"id":9900,"href":"https:\/\/ajeandalucia.org\/sevilla\/wp-json\/wp\/v2\/posts\/9898\/revisions\/9900"}],"wp:featuredmedia":[{"embeddable":true,"href":"https:\/\/ajeandalucia.org\/sevilla\/wp-json\/wp\/v2\/media\/9899"}],"wp:attachment":[{"href":"https:\/\/ajeandalucia.org\/sevilla\/wp-json\/wp\/v2\/media?parent=9898"}],"wp:term":[{"taxonomy":"category","embeddable":true,"href":"https:\/\/ajeandalucia.org\/sevilla\/wp-json\/wp\/v2\/categories?post=9898"},{"taxonomy":"post_tag","embeddable":true,"href":"https:\/\/ajeandalucia.org\/sevilla\/wp-json\/wp\/v2\/tags?post=9898"}],"curies":[{"name":"wp","href":"https:\/\/api.w.org\/{rel}","templated":true}]}}